{"id":188,"date":"2021-04-22T09:05:56","date_gmt":"2021-04-22T09:05:56","guid":{"rendered":"http:\/\/www.cinedia.fr\/drone\/?p=188"},"modified":"2021-04-22T09:05:56","modified_gmt":"2021-04-22T09:05:56","slug":"salon-du-drone","status":"publish","type":"post","link":"https:\/\/www.cinedia.fr\/drone\/salon-du-drone\/","title":{"rendered":"Salon du Drone"},"content":{"rendered":"\n<figure class=\"wp-block-image\"><img decoding=\"async\" src=\"https:\/\/www.lesalondudrone.fr\/wp-content\/uploads\/2021\/01\/logo-drone-blanc.png\" alt=\"logo-drone-blanc\" title=\"logo-drone-blanc\"\/><\/figure>\n\n\n\n<h1 class=\"wp-block-heading\">LE 1eR SALON DU DRONE<br>EN FRANCE<a href=\"#\"><\/a><\/h1>\n\n\n\n<h2 class=\"wp-block-heading\">LE DRONE A ENFIN SON SAL0N !<\/h2>\n\n\n\n<p>L&rsquo;industrie du drone a pris un essort consid\u00e9rable ces derni\u00e8res ann\u00e9es en France et dans le monde. Quels sont les derni\u00e8res techniques de drone ? Les meilleures vid\u00e9os a\u00e9riennes r\u00e9alis\u00e9es par drone ?<\/p>\n\n\n\n<p>Ce salon souhaite pr\u00e9senter les meilleures pratiques en termes de drone, de prises de vue a\u00e9riennes, ainsi que l&rsquo;\u00e9volution de la r\u00e8glementation des prises de vue a\u00e9riennes en France et en Europe.<\/p>\n\n\n\n<h2 class=\"wp-block-heading\">Le march\u00e9 des drones s\u2019envole !<\/h2>\n\n\n\n<h3 class=\"wp-block-heading\">Une fili\u00e8re en plein essor<\/h3>\n\n\n\n<p>La r\u00e9volution des drones civils est en marche. En plein essor, les drones r\u00e9pondent \u00e0 des utilisations de plus en plus nombreuses et leur potentiel \u00e9conomique est immense : le march\u00e9 mondial devrait passer de 942 millions de dollars aujourd\u2019hui \u00e0 2,3 milliards de dollars en 2023, selon les analystes.<\/p>\n\n\n\n<h3 class=\"wp-block-heading\">Un potentiel de d\u00e9veloppement quasi illimit\u00e9<\/h3>\n\n\n\n<p>Avec l\u2019explosion des usages civils, les drones professionnels ont vocation \u00e0 remplir des fonctions assur\u00e9es jusque l\u00e0 par les satellites, les avions ou les h\u00e9licopt\u00e8res : inspection d\u2019installations industrielles, de r\u00e9seaux et d\u2019ouvrages d\u2019art, relev\u00e9s topographiques de mines et de carri\u00e8res, surveillance des champs agricoles\u2026 Quant aux drones de loisirs, ils font de plus en plus d\u2019adeptes et b\u00e9n\u00e9ficient constamment de progr\u00e8s technologiques, en termes de maniabilit\u00e9 comme de miniaturisation.<\/p>\n\n\n\n<p>Salon en partenariat avec <a href=\"https:\/\/lesbobinettes.tv\/video-drone-grenoble\/\"><em><strong>Les Bobinettes, vid\u00e9os de drone \u00e0 Grenoble<\/strong><\/em><\/a>.<\/p>\n\n\n\n<h2 class=\"wp-block-heading\">LE NOUVEAU SALON DU DRONE<\/h2>\n\n\n\n<h3 class=\"wp-block-heading\">Dans un contexte de march\u00e9 hautement innovant, porteur de croissance et tir\u00e9 par des \u00ab champions \u00bb fran\u00e7ais, Le Salon International du Drone est le premier et le seul salon d\u00e9di\u00e9 aux drones \u00e0 se tenir \u00e0 Paris, au c\u0153ur des centres de d\u00e9cision \u00e9conomiques et politiques de la fili\u00e8re.<\/h3>\n\n\n\n<h4 class=\"wp-block-heading\">DEMONSTRATIONS<\/h4>\n\n\n\n<p>Les meilleurs drones du moment sont en d\u00e9monstration : DJI et sa gamme, Yuneec, ainsi que des FPV<\/p>\n\n\n\n<h4 class=\"wp-block-heading\"><a href=\"https:\/\/cinedia.fr\/captation\/\">CONF\u00c9RENCES EN VIDEOS<\/a><\/h4>\n\n\n\n<p>En direct, des captations vid\u00e9o des conf\u00e9rences d&rsquo;experts du drone : usage, legislation, futur !<\/p>\n\n\n\n<h4 class=\"wp-block-heading\">LEGISLATION<\/h4>\n\n\n\n<p>La l\u00e9gislation \u00e9volue : quels enjeux et nouvelles r\u00e8gles en mati\u00e8re de drone de loisir et professionnel ?<\/p>\n\n\n\n<figure class=\"wp-block-image\"><img decoding=\"async\" src=\"https:\/\/www.lesalondudrone.fr\/wp-content\/uploads\/elementor\/thumbs\/drone-with-digital-camera-AL8HSCG-e1586865600840-p07b1z2lzq4jvje2awe3xu6z82z5bogjs472jwcn1c.jpg\" alt=\"drone-with-digital-camera-AL8HSCG-e1586865600840.jpg\" title=\"drone-with-digital-camera-AL8HSCG-e1586865600840.jpg\"\/><\/figure>\n\n\n\n<h2 class=\"wp-block-heading\">UN SALON AU COEUR DE L&rsquo;ACTUALIT\u00c9 DRONE<\/h2>\n\n\n\n<p>Dans un contexte de march\u00e9 hautement innovant, porteur\u2028de croissance et tir\u00e9 par des \u00ab champions \u00bb fran\u00e7ais, \u2028Le Salon International du Drone est le premier et le seul\u2028salon d\u00e9di\u00e9 aux drones \u00e0 se tenir en France, au coeur des centres\u2028de d\u00e9cision \u00e9conomiques et politiques de la fili\u00e8re.<\/p>\n\n\n\n<p><strong>La France, un leader europ\u00e9en<\/strong><\/p>\n\n\n\n<p>L\u2019Europe est aujourd\u2019hui \u00e0 la pointe du march\u00e9 des drones et la France joue le r\u00f4le de chef de file, gr\u00e2ce \u00e0 son savoir-faire reconnu en mati\u00e8re d\u2019a\u00e9ronautique. Elle se place aussi comme pr\u00e9curseur en mati\u00e8re de l\u00e9gislation pour favoriser l\u2019\u00e9mergence rapide d\u2019un march\u00e9 des drones : c\u2019est aujourd\u2019hui le seul pays \u00e0 autoriser formellement le vol \u00e0 longue distance et hors de la vue du pilote.<\/p>\n\n\n\n<h2 class=\"wp-block-heading\">A QUI S&rsquo;aDRESSE LE SALON ?<\/h2>\n\n\n\n<h3 class=\"wp-block-heading\">Aux acteurs du secteur<\/h3>\n\n\n\n<p>Le Salon international du drone s\u2019adresse \u00e0 tous les acteurs internationaux de la fili\u00e8re du drone civil, qu\u2019il s\u2019agisse de grandes entreprises, de PME et de start-up : distributeurs, \u00e9quipementiers, formateurs, \u00e9diteurs de logiciels, prestataires de services\u2026 qui y trouvent un espace pour pr\u00e9senter leurs offres.<\/p>\n\n\n\n<h3 class=\"wp-block-heading\">Aux professionnels<\/h3>\n\n\n\n<p>Le Salon international du drone permet aux fournisseurs, donneurs d\u2019ordres et utilisateurs de drones civils de nouer des contacts avec les acteurs du secteur dans tous les domaines. Il s\u2019adresse \u00e9galement aux collectivit\u00e9s territoriales et aux collectifs d\u2019utilisateurs.<\/p>\n\n\n\n<h3 class=\"wp-block-heading\">Au grand public<\/h3>\n\n\n\n<p>Le Salon international du drone r\u00e9pond aux attentes du grand public, d\u00e9sireux de d\u00e9couvrir les derni\u00e8res\u2028nouveaut\u00e9s et applications du march\u00e9 du drone civil, aussi bien dans le secteur de la cartographie que de la surveillance ou de la vid\u00e9o. Les visiteurs pourront y d\u00e9couvrir un large panel de produits ainsi que des conseils de pilotage.<\/p>\n\n\n\n<h2 class=\"wp-block-heading\">Des domaines d\u2019activit\u00e9s vari\u00e9s<\/h2>\n\n\n\n<p>Le march\u00e9 des drones repr\u00e9sente plusieurs centaines d\u2019applications civiles, ce qui ouvre une croissance potentielle consid\u00e9rable dans des secteurs tr\u00e8s vari\u00e9s.\u2028Les domaines couverts par le Salon international du drone refl\u00e8tent cette diversit\u00e9.<\/p>\n\n\n\n<p>* L\u2019\u00e9nergie (infrastructures, exploration gazi\u00e8re et p\u00e9troli\u00e8re\u2026)<br>* Les transports (rail, route, maritime et fluvial)<br>* La construction, le BTP et l\u2019immobilier (inspectiondes b\u00e2timents\u2026)<br>* L\u2019agriculture<br>* Les m\u00e9dias (couverture d\u2019\u00e9v\u00e9nements culturels, sportifs\u2026)<br>* La photographie et de la vid\u00e9o professionnelles(prise de vue a\u00e9rienne)<br>* La s\u00fbret\u00e9 et la s\u00e9curit\u00e9 civile (protection des sites sensibles,lutte contre les feux de for\u00eat\u2026)<br>* La formation (au pilotage, au traitement des donn\u00e9es\u2026)<br>* Etc<\/p>\n\n\n\n<h2 class=\"wp-block-heading\">CONF\u00c9RENCES ET TABLES RONDES<\/h2>\n\n\n\n<h2 class=\"wp-block-heading\">LE PROGRAMME<\/h2>\n\n\n\n<h4 class=\"wp-block-heading\">Conf\u00e9rences Professionnelles<\/h4>\n\n\n\n<p><strong>De la R&amp;D \u00e0 la fabrication en s\u00e9rie, l\u2019\u00e8re de l\u2019industrialisation<\/strong>\u2013 Comment PME, donneurs d\u2019ordres et op\u00e9rateurs doivent-ils appr\u00e9hender et anticiper cette nouvelle phase de d\u00e9veloppement ?&nbsp;\u2028\u2028<strong>Les atouts du num\u00e9rique<\/strong>\u2013 Si l\u2019on consid\u00e8re le drone comme un moyen davantage que comme une fin, la valeur ajout\u00e9e de la fili\u00e8re se situe dans le traitement des informations : reconnaissance automatique, tri des donn\u00e9es, restitution des r\u00e9sultats, etc.<\/p>\n\n\n\n<p><strong>S\u00e9curit\u00e9 : les questions r\u00e9glementaires soulev\u00e9Es par les drones<\/strong><br>\u2013 La France a mise\u2028 en place un cadre r\u00e9glementaire souple qui laisse la place aux \u00e9volutions futures de ce secteur. Quid des autres pays ?<\/p>\n\n\n\n<p><strong>Applications pratiques des drones professionnels<\/strong><br>\u2013 Lutte contre le vol de c\u00e2bles ou inspection des ouvrages d\u2019art \u00e0 la SNCF, livraison de colis par la Poste, observation du stress hydrique et des maladies sur les cultures agricoles\u2026 Trois exemples, trois t\u00e9moignages<\/p>\n\n\n\n<p><em><strong><a href=\"https:\/\/cinedia.fr\/captation\/\">Captation video en direct r\u00e9alis\u00e9e par Cinedia<\/a><\/strong><\/em><\/p>\n\n\n\n<h4 class=\"wp-block-heading\">CONF\u00e9rences grand public<\/h4>\n\n\n\n<p><strong>Du militaire au civil : la duplication du mod\u00e8le Internet ?<\/strong><br>\u2013\u2028Comme le r\u00e9seau Internet, le drone est issu d\u2019une technologie militaire qui se d\u00e9veloppe dans le civil et o\u00f9 r\u00e8gne l\u2019esprit start-up. Peut-on dupliquer le mod\u00e8le \u2018Internet\u2019 pour pr\u00e9dire l\u2019avenir du secteur ? La course \u00e0 la concentration a-t-elle commenc\u00e9 ? Qui seront les champions de demain ?\u2028 La course \u00e0 la concentration a-t-elle commenc\u00e9 ? Qui seront les champions de demain ?<\/p>\n\n\n\n<p><strong>Le drone, nouveau roi des airs ?<\/strong><br>\u2013 Vers des \u00e9volutions radicales du concept d\u2019h\u00e9licopt\u00e8re\u2028 ou d\u2019avion.\u2028.<\/p>\n\n\n\n<p><strong>Bien choisir son drone de loisirs<\/strong><br>\u2013 Taille, performances, maniabilit\u00e9\u2026 Quels sont les crit\u00e8res \u00e0 prendre en compte avant de faire son choix ?<\/p>\n\n\n\n<p><strong>Passer son brevet de t\u00e9l\u00e9pilote<\/strong><br>\u2013 Cours pratiques et th\u00e9oriques, auto-entra\u00eenement,formation aux logiciels : quelles sont les comp\u00e9tences exig\u00e9es pour piloter un drone civil et quelles sont les formations propos\u00e9es par les diff\u00e9rents prestataires ?<\/p>\n\n\n\n<p><\/p>\n","protected":false},"excerpt":{"rendered":"<p>LE 1eR SALON DU DRONEEN FRANCE LE DRONE A ENFIN SON SAL0N ! L&rsquo;industrie du drone a pris un essort consid\u00e9rable ces derni\u00e8res ann\u00e9es en France et dans le monde. Quels sont les derni\u00e8res techniques de drone ? Les meilleures vid\u00e9os a\u00e9riennes r\u00e9alis\u00e9es par drone ? Ce salon souhaite pr\u00e9senter les meilleures pratiques en termes&hellip; <a class=\"more-link\" href=\"https:\/\/www.cinedia.fr\/drone\/salon-du-drone\/\">Poursuivre la lecture <span class=\"screen-reader-text\">Salon du Drone<\/span><\/a><\/p>\n","protected":false},"author":1,"featured_media":0,"comment_status":"closed","ping_status":"","sticky":false,"template":"","format":"standard","meta":{"footnotes":""},"categories":[5],"tags":[],"class_list":["post-188","post","type-post","status-publish","format-standard","hentry","category-drones","entry"],"_links":{"self":[{"href":"https:\/\/www.cinedia.fr\/drone\/wp-json\/wp\/v2\/posts\/188","targetHints":{"allow":["GET"]}}],"collection":[{"href":"https:\/\/www.cinedia.fr\/drone\/wp-json\/wp\/v2\/posts"}],"about":[{"href":"https:\/\/www.cinedia.fr\/drone\/wp-json\/wp\/v2\/types\/post"}],"author":[{"embeddable":true,"href":"https:\/\/www.cinedia.fr\/drone\/wp-json\/wp\/v2\/users\/1"}],"replies":[{"embeddable":true,"href":"https:\/\/www.cinedia.fr\/drone\/wp-json\/wp\/v2\/comments?post=188"}],"version-history":[{"count":1,"href":"https:\/\/www.cinedia.fr\/drone\/wp-json\/wp\/v2\/posts\/188\/revisions"}],"predecessor-version":[{"id":190,"href":"https:\/\/www.cinedia.fr\/drone\/wp-json\/wp\/v2\/posts\/188\/revisions\/190"}],"wp:attachment":[{"href":"https:\/\/www.cinedia.fr\/drone\/wp-json\/wp\/v2\/media?parent=188"}],"wp:term":[{"taxonomy":"category","embeddable":true,"href":"https:\/\/www.cinedia.fr\/drone\/wp-json\/wp\/v2\/categories?post=188"},{"taxonomy":"post_tag","embeddable":true,"href":"https:\/\/www.cinedia.fr\/drone\/wp-json\/wp\/v2\/tags?post=188"}],"curies":[{"name":"wp","href":"https:\/\/api.w.org\/{rel}","templated":true}]}}