{"id":2435,"date":"2019-07-27T19:03:46","date_gmt":"2019-07-27T19:03:46","guid":{"rendered":"https:\/\/www.cinedia.fr\/lucie-lefilm\/?p=2435"},"modified":"2019-07-27T20:32:34","modified_gmt":"2019-07-27T20:32:34","slug":"bilan-de-la-sortie-%f0%9f%8e%ac","status":"publish","type":"post","link":"https:\/\/www.cinedia.fr\/lucie-lefilm\/bilan-de-la-sortie-%f0%9f%8e%ac\/","title":{"rendered":"BILAN DE LA SORTIE \ud83c\udfac"},"content":{"rendered":"<p>Depuis le 26 ao\u00fbt 2018,\u00a0 \u201cLucie, Apr\u00e8s Moi Le D\u00e9luge\u201d cumule d\u00e9j\u00e0 <strong>13000 spectateurs<\/strong>. Un film auto-financ\u00e9 par Cin\u00e9dia, qui a pris son envol gr\u00e2ce \u00e0 l\u2019engouement du public en R\u00e9gion Rh\u00f4ne-Alpes Auvergne.<\/p>\n<p>Fort de ce succ\u00e8s innatendu, Le film est sorti en national le 5 juin en France. Lucie n\u2019a jamais autant voyag\u00e9 !<\/p>\n<p>Le film a fait 3500 entr\u00e9es \u00e0 partir du 5\u00a0 Juin 2019, \u00e0 raison de190 projections dans 30 cin\u00e9mas Art et Essai.<br \/>\n<strong>Il continue tout l&rsquo;\u00e9t\u00e9 et nous en sommes \u00e0 la 7\u00e8me semaine cons\u00e9cutive de projection en salle : finalement une cinquantaine de cin\u00e9mas l&rsquo;ont programm\u00e9s depuis la sortie.<br \/>\n<\/strong><\/p>\n<p>Lucie a voyag\u00e9 en Bretagne, en Picardie, en Nouvelle Aquitaine, Occitanie, puis \u00e0 Paris redescendant en Auvergne Rhone-alpes puis en R\u00e9gion PACA. Paris (5 semaines !) , Quiberon, Clermont Ferrand, Besan\u00e7on, Compi\u00e8gne, Valence\u2026La meilleure fr\u00e9quentation a \u00e9t\u00e9 dans les plus petites communes, o\u00f9 le public s\u2019est fortement mobilis\u00e9. <strong>Salle comble ou pas, l\u2019accueil du public a \u00e9t\u00e9 remarquable\u2026<\/strong>Je salue les salles art et essai qui continuent de <strong>r\u00e9sister<\/strong> contre les g\u00e9ants de l\u2019industrie du film et permettent ainsi \u00e0 des films plus petits d\u2019exister.<\/p>\n<p><strong>Le Bilan de la fr\u00e9quentation par salle depuis septembre 2018 est de 46 personnes\/s\u00e9ance et de 107 personnes\/s\u00e9ance en cin\u00e9 rencontre en Auvergne Rh\u00f4ne Alpes<\/strong>, ce qui est un tr\u00e8s bon r\u00e9sultat, d\u2019autant plus que nous avons fait avec de touts petits moyens.<\/p>\n<p><strong>Les cin\u00e9 rencontre continuent<\/strong> en Savoie, en Is\u00e8re, en Ard\u00e8che, en Haute Loire, dans le Vaucluse&#8230;<br \/>\nEn septembre, cela fera un an que je tourne pour faire vivre le film\u2026<\/p>\n<p><strong>J&rsquo;\u00e9sp\u00e8re trouver des relais associatifs<\/strong> pour continuer de le partager dans les mois \u00e0 venir et pouvoir me concentrer sur mon prochain film&#8230;surprise surprise !<\/p>\n<p><img loading=\"lazy\" decoding=\"async\" class=\"alignnone wp-image-2436\" src=\"https:\/\/www.cinedia.fr\/lucie-lefilm\/wp-content\/uploads\/2019\/07\/avec-anselme-224x300.jpg\" alt=\"\" width=\"245\" height=\"329\" srcset=\"https:\/\/www.cinedia.fr\/lucie-lefilm\/wp-content\/uploads\/2019\/07\/avec-anselme-224x300.jpg 224w, https:\/\/www.cinedia.fr\/lucie-lefilm\/wp-content\/uploads\/2019\/07\/avec-anselme.jpg 716w\" sizes=\"auto, (max-width: 245px) 100vw, 245px\" \/><\/p>\n","protected":false},"excerpt":{"rendered":"<p>Depuis le 26 ao\u00fbt 2018,\u00a0 \u201cLucie, Apr\u00e8s Moi Le D\u00e9luge\u201d cumule d\u00e9j\u00e0 13000 spectateurs. Un film auto-financ\u00e9 par Cin\u00e9dia, qui a&#8230;<\/p>\n","protected":false},"author":1,"featured_media":2438,"comment_status":"closed","ping_status":"closed","sticky":false,"template":"","format":"standard","meta":{"footnotes":""},"categories":[1],"tags":[],"class_list":["post-2435","post","type-post","status-publish","format-standard","has-post-thumbnail","hentry","category-uncategorized"],"yoast_head":"<!-- This site is optimized with the Yoast SEO plugin v27.5 - https:\/\/yoast.com\/product\/yoast-seo-wordpress\/ -->\n<title>BILAN DE LA SORTIE \ud83c\udfac - Lucie, Apr\u00e8s moi le d\u00e9luge \/\/ Site Officiel<\/title>\n<meta name=\"robots\" content=\"index, follow, max-snippet:-1, max-image-preview:large, max-video-preview:-1\" \/>\n<link rel=\"canonical\" href=\"https:\/\/www.cinedia.fr\/lucie-lefilm\/bilan-de-la-sortie-\ud83c\udfac\/\" \/>\n<meta property=\"og:locale\" content=\"fr_FR\" \/>\n<meta property=\"og:type\" content=\"article\" \/>\n<meta property=\"og:title\" content=\"BILAN DE LA SORTIE \ud83c\udfac - Lucie, Apr\u00e8s moi le d\u00e9luge \/\/ Site Officiel\" \/>\n<meta property=\"og:description\" content=\"Depuis le 26 ao\u00fbt 2018,\u00a0 \u201cLucie, Apr\u00e8s Moi Le D\u00e9luge\u201d cumule d\u00e9j\u00e0 13000 spectateurs. Un film auto-financ\u00e9 par Cin\u00e9dia, qui a...\" \/>\n<meta property=\"og:url\" content=\"https:\/\/www.cinedia.fr\/lucie-lefilm\/bilan-de-la-sortie-\ud83c\udfac\/\" \/>\n<meta property=\"og:site_name\" content=\"Lucie, Apr\u00e8s moi le d\u00e9luge \/\/ Site Officiel\" \/>\n<meta property=\"article:published_time\" content=\"2019-07-27T19:03:46+00:00\" \/>\n<meta property=\"article:modified_time\" content=\"2019-07-27T20:32:34+00:00\" \/>\n<meta property=\"og:image\" content=\"https:\/\/www.cinedia.fr\/lucie-lefilm\/wp-content\/uploads\/2019\/07\/avec-Parasite.jpg\" \/>\n\t<meta property=\"og:image:width\" content=\"2016\" \/>\n\t<meta property=\"og:image:height\" content=\"1512\" \/>\n\t<meta property=\"og:image:type\" content=\"image\/jpeg\" \/>\n<meta name=\"author\" content=\"SL\" \/>\n<meta name=\"twitter:card\" content=\"summary_large_image\" \/>\n<meta name=\"twitter:label1\" content=\"\u00c9crit par\" \/>\n\t<meta name=\"twitter:data1\" content=\"SL\" \/>\n\t<meta name=\"twitter:label2\" content=\"Dur\u00e9e de lecture estim\u00e9e\" \/>\n\t<meta name=\"twitter:data2\" content=\"2 minutes\" \/>\n<script type=\"application\/ld+json\" class=\"yoast-schema-graph\">{\"@context\":\"https:\\\/\\\/schema.org\",\"@graph\":[{\"@type\":\"Article\",\"@id\":\"https:\\\/\\\/www.cinedia.fr\\\/lucie-lefilm\\\/bilan-de-la-sortie-%f0%9f%8e%ac\\\/#article\",\"isPartOf\":{\"@id\":\"https:\\\/\\\/www.cinedia.fr\\\/lucie-lefilm\\\/bilan-de-la-sortie-%f0%9f%8e%ac\\\/\"},\"author\":{\"name\":\"SL\",\"@id\":\"https:\\\/\\\/www.cinedia.fr\\\/lucie-lefilm\\\/#\\\/schema\\\/person\\\/6ae02b4d39bd7351a86961020c2b6933\"},\"headline\":\"BILAN DE LA SORTIE \ud83c\udfac\",\"datePublished\":\"2019-07-27T19:03:46+00:00\",\"dateModified\":\"2019-07-27T20:32:34+00:00\",\"mainEntityOfPage\":{\"@id\":\"https:\\\/\\\/www.cinedia.fr\\\/lucie-lefilm\\\/bilan-de-la-sortie-%f0%9f%8e%ac\\\/\"},\"wordCount\":311,\"image\":{\"@id\":\"https:\\\/\\\/www.cinedia.fr\\\/lucie-lefilm\\\/bilan-de-la-sortie-%f0%9f%8e%ac\\\/#primaryimage\"},\"thumbnailUrl\":\"https:\\\/\\\/www.cinedia.fr\\\/lucie-lefilm\\\/wp-content\\\/uploads\\\/2019\\\/07\\\/avec-Parasite.jpg\",\"articleSection\":[\"Uncategorized\"],\"inLanguage\":\"fr-FR\"},{\"@type\":\"WebPage\",\"@id\":\"https:\\\/\\\/www.cinedia.fr\\\/lucie-lefilm\\\/bilan-de-la-sortie-%f0%9f%8e%ac\\\/\",\"url\":\"https:\\\/\\\/www.cinedia.fr\\\/lucie-lefilm\\\/bilan-de-la-sortie-%f0%9f%8e%ac\\\/\",\"name\":\"BILAN DE LA SORTIE \ud83c\udfac - Lucie, Apr\u00e8s moi le d\u00e9luge \\\/\\\/ Site Officiel\",\"isPartOf\":{\"@id\":\"https:\\\/\\\/www.cinedia.fr\\\/lucie-lefilm\\\/#website\"},\"primaryImageOfPage\":{\"@id\":\"https:\\\/\\\/www.cinedia.fr\\\/lucie-lefilm\\\/bilan-de-la-sortie-%f0%9f%8e%ac\\\/#primaryimage\"},\"image\":{\"@id\":\"https:\\\/\\\/www.cinedia.fr\\\/lucie-lefilm\\\/bilan-de-la-sortie-%f0%9f%8e%ac\\\/#primaryimage\"},\"thumbnailUrl\":\"https:\\\/\\\/www.cinedia.fr\\\/lucie-lefilm\\\/wp-content\\\/uploads\\\/2019\\\/07\\\/avec-Parasite.jpg\",\"datePublished\":\"2019-07-27T19:03:46+00:00\",\"dateModified\":\"2019-07-27T20:32:34+00:00\",\"author\":{\"@id\":\"https:\\\/\\\/www.cinedia.fr\\\/lucie-lefilm\\\/#\\\/schema\\\/person\\\/6ae02b4d39bd7351a86961020c2b6933\"},\"breadcrumb\":{\"@id\":\"https:\\\/\\\/www.cinedia.fr\\\/lucie-lefilm\\\/bilan-de-la-sortie-%f0%9f%8e%ac\\\/#breadcrumb\"},\"inLanguage\":\"fr-FR\",\"potentialAction\":[{\"@type\":\"ReadAction\",\"target\":[\"https:\\\/\\\/www.cinedia.fr\\\/lucie-lefilm\\\/bilan-de-la-sortie-%f0%9f%8e%ac\\\/\"]}]},{\"@type\":\"ImageObject\",\"inLanguage\":\"fr-FR\",\"@id\":\"https:\\\/\\\/www.cinedia.fr\\\/lucie-lefilm\\\/bilan-de-la-sortie-%f0%9f%8e%ac\\\/#primaryimage\",\"url\":\"https:\\\/\\\/www.cinedia.fr\\\/lucie-lefilm\\\/wp-content\\\/uploads\\\/2019\\\/07\\\/avec-Parasite.jpg\",\"contentUrl\":\"https:\\\/\\\/www.cinedia.fr\\\/lucie-lefilm\\\/wp-content\\\/uploads\\\/2019\\\/07\\\/avec-Parasite.jpg\",\"width\":2016,\"height\":1512},{\"@type\":\"BreadcrumbList\",\"@id\":\"https:\\\/\\\/www.cinedia.fr\\\/lucie-lefilm\\\/bilan-de-la-sortie-%f0%9f%8e%ac\\\/#breadcrumb\",\"itemListElement\":[{\"@type\":\"ListItem\",\"position\":1,\"name\":\"Accueil\",\"item\":\"https:\\\/\\\/www.cinedia.fr\\\/lucie-lefilm\\\/\"},{\"@type\":\"ListItem\",\"position\":2,\"name\":\"BILAN DE LA SORTIE \ud83c\udfac\"}]},{\"@type\":\"WebSite\",\"@id\":\"https:\\\/\\\/www.cinedia.fr\\\/lucie-lefilm\\\/#website\",\"url\":\"https:\\\/\\\/www.cinedia.fr\\\/lucie-lefilm\\\/\",\"name\":\"Lucie, Apr\u00e8s moi le d\u00e9luge \\\/\\\/ Site Officiel\",\"description\":\"Le site officiel du film documentaire de Sophie Loridon sorti en 2019.\",\"potentialAction\":[{\"@type\":\"SearchAction\",\"target\":{\"@type\":\"EntryPoint\",\"urlTemplate\":\"https:\\\/\\\/www.cinedia.fr\\\/lucie-lefilm\\\/?s={search_term_string}\"},\"query-input\":{\"@type\":\"PropertyValueSpecification\",\"valueRequired\":true,\"valueName\":\"search_term_string\"}}],\"inLanguage\":\"fr-FR\"},{\"@type\":\"Person\",\"@id\":\"https:\\\/\\\/www.cinedia.fr\\\/lucie-lefilm\\\/#\\\/schema\\\/person\\\/6ae02b4d39bd7351a86961020c2b6933\",\"name\":\"SL\",\"image\":{\"@type\":\"ImageObject\",\"inLanguage\":\"fr-FR\",\"@id\":\"https:\\\/\\\/secure.gravatar.com\\\/avatar\\\/b13141976e430cefeec211adf1d38220a1d79fc0355bba62ddcda6103e055553?s=96&d=mm&r=g\",\"url\":\"https:\\\/\\\/secure.gravatar.com\\\/avatar\\\/b13141976e430cefeec211adf1d38220a1d79fc0355bba62ddcda6103e055553?s=96&d=mm&r=g\",\"contentUrl\":\"https:\\\/\\\/secure.gravatar.com\\\/avatar\\\/b13141976e430cefeec211adf1d38220a1d79fc0355bba62ddcda6103e055553?s=96&d=mm&r=g\",\"caption\":\"SL\"},\"url\":\"https:\\\/\\\/www.cinedia.fr\\\/lucie-lefilm\\\/author\\\/adminlucie\\\/\"}]}<\/script>\n<!-- \/ Yoast SEO plugin. -->","yoast_head_json":{"title":"BILAN DE LA SORTIE \ud83c\udfac - Lucie, Apr\u00e8s moi le d\u00e9luge \/\/ Site Officiel","robots":{"index":"index","follow":"follow","max-snippet":"max-snippet:-1","max-image-preview":"max-image-preview:large","max-video-preview":"max-video-preview:-1"},"canonical":"https:\/\/www.cinedia.fr\/lucie-lefilm\/bilan-de-la-sortie-\ud83c\udfac\/","og_locale":"fr_FR","og_type":"article","og_title":"BILAN DE LA SORTIE \ud83c\udfac - Lucie, Apr\u00e8s moi le d\u00e9luge \/\/ Site Officiel","og_description":"Depuis le 26 ao\u00fbt 2018,\u00a0 \u201cLucie, Apr\u00e8s Moi Le D\u00e9luge\u201d cumule d\u00e9j\u00e0 13000 spectateurs. Un film auto-financ\u00e9 par Cin\u00e9dia, qui a...","og_url":"https:\/\/www.cinedia.fr\/lucie-lefilm\/bilan-de-la-sortie-\ud83c\udfac\/","og_site_name":"Lucie, Apr\u00e8s moi le d\u00e9luge \/\/ Site Officiel","article_published_time":"2019-07-27T19:03:46+00:00","article_modified_time":"2019-07-27T20:32:34+00:00","og_image":[{"width":2016,"height":1512,"url":"https:\/\/www.cinedia.fr\/lucie-lefilm\/wp-content\/uploads\/2019\/07\/avec-Parasite.jpg","type":"image\/jpeg"}],"author":"SL","twitter_card":"summary_large_image","twitter_misc":{"\u00c9crit par":"SL","Dur\u00e9e de lecture estim\u00e9e":"2 minutes"},"schema":{"@context":"https:\/\/schema.org","@graph":[{"@type":"Article","@id":"https:\/\/www.cinedia.fr\/lucie-lefilm\/bilan-de-la-sortie-%f0%9f%8e%ac\/#article","isPartOf":{"@id":"https:\/\/www.cinedia.fr\/lucie-lefilm\/bilan-de-la-sortie-%f0%9f%8e%ac\/"},"author":{"name":"SL","@id":"https:\/\/www.cinedia.fr\/lucie-lefilm\/#\/schema\/person\/6ae02b4d39bd7351a86961020c2b6933"},"headline":"BILAN DE LA SORTIE \ud83c\udfac","datePublished":"2019-07-27T19:03:46+00:00","dateModified":"2019-07-27T20:32:34+00:00","mainEntityOfPage":{"@id":"https:\/\/www.cinedia.fr\/lucie-lefilm\/bilan-de-la-sortie-%f0%9f%8e%ac\/"},"wordCount":311,"image":{"@id":"https:\/\/www.cinedia.fr\/lucie-lefilm\/bilan-de-la-sortie-%f0%9f%8e%ac\/#primaryimage"},"thumbnailUrl":"https:\/\/www.cinedia.fr\/lucie-lefilm\/wp-content\/uploads\/2019\/07\/avec-Parasite.jpg","articleSection":["Uncategorized"],"inLanguage":"fr-FR"},{"@type":"WebPage","@id":"https:\/\/www.cinedia.fr\/lucie-lefilm\/bilan-de-la-sortie-%f0%9f%8e%ac\/","url":"https:\/\/www.cinedia.fr\/lucie-lefilm\/bilan-de-la-sortie-%f0%9f%8e%ac\/","name":"BILAN DE LA SORTIE \ud83c\udfac - Lucie, Apr\u00e8s moi le d\u00e9luge \/\/ Site Officiel","isPartOf":{"@id":"https:\/\/www.cinedia.fr\/lucie-lefilm\/#website"},"primaryImageOfPage":{"@id":"https:\/\/www.cinedia.fr\/lucie-lefilm\/bilan-de-la-sortie-%f0%9f%8e%ac\/#primaryimage"},"image":{"@id":"https:\/\/www.cinedia.fr\/lucie-lefilm\/bilan-de-la-sortie-%f0%9f%8e%ac\/#primaryimage"},"thumbnailUrl":"https:\/\/www.cinedia.fr\/lucie-lefilm\/wp-content\/uploads\/2019\/07\/avec-Parasite.jpg","datePublished":"2019-07-27T19:03:46+00:00","dateModified":"2019-07-27T20:32:34+00:00","author":{"@id":"https:\/\/www.cinedia.fr\/lucie-lefilm\/#\/schema\/person\/6ae02b4d39bd7351a86961020c2b6933"},"breadcrumb":{"@id":"https:\/\/www.cinedia.fr\/lucie-lefilm\/bilan-de-la-sortie-%f0%9f%8e%ac\/#breadcrumb"},"inLanguage":"fr-FR","potentialAction":[{"@type":"ReadAction","target":["https:\/\/www.cinedia.fr\/lucie-lefilm\/bilan-de-la-sortie-%f0%9f%8e%ac\/"]}]},{"@type":"ImageObject","inLanguage":"fr-FR","@id":"https:\/\/www.cinedia.fr\/lucie-lefilm\/bilan-de-la-sortie-%f0%9f%8e%ac\/#primaryimage","url":"https:\/\/www.cinedia.fr\/lucie-lefilm\/wp-content\/uploads\/2019\/07\/avec-Parasite.jpg","contentUrl":"https:\/\/www.cinedia.fr\/lucie-lefilm\/wp-content\/uploads\/2019\/07\/avec-Parasite.jpg","width":2016,"height":1512},{"@type":"BreadcrumbList","@id":"https:\/\/www.cinedia.fr\/lucie-lefilm\/bilan-de-la-sortie-%f0%9f%8e%ac\/#breadcrumb","itemListElement":[{"@type":"ListItem","position":1,"name":"Accueil","item":"https:\/\/www.cinedia.fr\/lucie-lefilm\/"},{"@type":"ListItem","position":2,"name":"BILAN DE LA SORTIE \ud83c\udfac"}]},{"@type":"WebSite","@id":"https:\/\/www.cinedia.fr\/lucie-lefilm\/#website","url":"https:\/\/www.cinedia.fr\/lucie-lefilm\/","name":"Lucie, Apr\u00e8s moi le d\u00e9luge \/\/ Site Officiel","description":"Le site officiel du film documentaire de Sophie Loridon sorti en 2019.","potentialAction":[{"@type":"SearchAction","target":{"@type":"EntryPoint","urlTemplate":"https:\/\/www.cinedia.fr\/lucie-lefilm\/?s={search_term_string}"},"query-input":{"@type":"PropertyValueSpecification","valueRequired":true,"valueName":"search_term_string"}}],"inLanguage":"fr-FR"},{"@type":"Person","@id":"https:\/\/www.cinedia.fr\/lucie-lefilm\/#\/schema\/person\/6ae02b4d39bd7351a86961020c2b6933","name":"SL","image":{"@type":"ImageObject","inLanguage":"fr-FR","@id":"https:\/\/secure.gravatar.com\/avatar\/b13141976e430cefeec211adf1d38220a1d79fc0355bba62ddcda6103e055553?s=96&d=mm&r=g","url":"https:\/\/secure.gravatar.com\/avatar\/b13141976e430cefeec211adf1d38220a1d79fc0355bba62ddcda6103e055553?s=96&d=mm&r=g","contentUrl":"https:\/\/secure.gravatar.com\/avatar\/b13141976e430cefeec211adf1d38220a1d79fc0355bba62ddcda6103e055553?s=96&d=mm&r=g","caption":"SL"},"url":"https:\/\/www.cinedia.fr\/lucie-lefilm\/author\/adminlucie\/"}]}},"_links":{"self":[{"href":"https:\/\/www.cinedia.fr\/lucie-lefilm\/wp-json\/wp\/v2\/posts\/2435","targetHints":{"allow":["GET"]}}],"collection":[{"href":"https:\/\/www.cinedia.fr\/lucie-lefilm\/wp-json\/wp\/v2\/posts"}],"about":[{"href":"https:\/\/www.cinedia.fr\/lucie-lefilm\/wp-json\/wp\/v2\/types\/post"}],"author":[{"embeddable":true,"href":"https:\/\/www.cinedia.fr\/lucie-lefilm\/wp-json\/wp\/v2\/users\/1"}],"replies":[{"embeddable":true,"href":"https:\/\/www.cinedia.fr\/lucie-lefilm\/wp-json\/wp\/v2\/comments?post=2435"}],"version-history":[{"count":8,"href":"https:\/\/www.cinedia.fr\/lucie-lefilm\/wp-json\/wp\/v2\/posts\/2435\/revisions"}],"predecessor-version":[{"id":2454,"href":"https:\/\/www.cinedia.fr\/lucie-lefilm\/wp-json\/wp\/v2\/posts\/2435\/revisions\/2454"}],"wp:featuredmedia":[{"embeddable":true,"href":"https:\/\/www.cinedia.fr\/lucie-lefilm\/wp-json\/wp\/v2\/media\/2438"}],"wp:attachment":[{"href":"https:\/\/www.cinedia.fr\/lucie-lefilm\/wp-json\/wp\/v2\/media?parent=2435"}],"wp:term":[{"taxonomy":"category","embeddable":true,"href":"https:\/\/www.cinedia.fr\/lucie-lefilm\/wp-json\/wp\/v2\/categories?post=2435"},{"taxonomy":"post_tag","embeddable":true,"href":"https:\/\/www.cinedia.fr\/lucie-lefilm\/wp-json\/wp\/v2\/tags?post=2435"}],"curies":[{"name":"wp","href":"https:\/\/api.w.org\/{rel}","templated":true}]}}