{"id":2831,"date":"2020-02-13T13:19:23","date_gmt":"2020-02-13T13:19:23","guid":{"rendered":"https:\/\/www.cinedia.fr\/lucie-lefilm\/?p=2831"},"modified":"2025-11-07T09:51:06","modified_gmt":"2025-11-07T09:51:06","slug":"les-meilleurs-films-sur-lisolement-des-personnes-agees","status":"publish","type":"post","link":"https:\/\/www.cinedia.fr\/lucie-lefilm\/les-meilleurs-films-sur-lisolement-des-personnes-agees\/","title":{"rendered":"Mes films pr\u00e9f\u00e9r\u00e9s sur l&rsquo;isolement des personnes \u00e2g\u00e9es"},"content":{"rendered":"<p>J&rsquo;ai depuis longtemps eu envie de dresses une listes des autres films qui parlaient de l&rsquo;isolement des personnes ag\u00e9es, comme <a href=\"https:\/\/www.youtube.com\/watch?v=yG9DrgaBjHY\">Lucie Apr\u00e8s Moi Le D\u00e9luge<\/a>&#8230; je sens enfin que c&rsquo;est le moment de la r\u00e9flexion sur les questions profondes&#8230; apr\u00e8s deux ann\u00e9es trop intenses ou je me suis sentie trop expos\u00e9e !<br \/>\nC&rsquo;est en \u00e9coutant Claude Askolovitch (France Inter) qui nous parlait ce matin d&rsquo;un article sur Suzanne et son h\u00e9ro\u00efsme \u00e0 courir la campagne pour essayer de s\u2019occuper au mieux de nos papis et mamies dans l&rsquo;Union et L&rsquo;Ardenais, que j&rsquo;ai eu le D\u00e9clic.<\/p>\n<p>Certains films m&rsquo;ont marqu\u00e9s\u00a0 profond\u00e9ment.<br \/>\nD&rsquo;autres, j&rsquo;aimerais les voir, parce que j&rsquo;en ai entendu parl\u00e9.<\/p>\n<p>Je vous ai dress\u00e9 une petite liste de documentaires, non du meilleur au pire, ils sont tous bien !<br \/>\nEt si Lucie vous a int\u00e9ress\u00e9, ceux ci alors vous les aimerez\u00a0 !<\/p>\n<p>&#8211; <a href=\"http:\/\/www.allocine.fr\/film\/fichefilm_gen_cfilm=111105.html\">La vie Moderne<\/a> de Raymond Depardon.\u00a0 Mon ma\u00eetre ! J&rsquo;ai d\u00e9couvert la triologie profil paysans en 2013, alors que je n&rsquo;avais pas encore commenc\u00e9 le montage de Lucie. Dans la plus belle sc\u00e8ne de cin\u00e9ma se trouve l\u00e0 pour moi, \u00e0 41 secondes de la Bande Annonce (voir image ci doussous)\u00a0 je suis rest\u00e9e subjugu\u00e9e. Mais faut le voir en entier. pour Lucie, on avait pas un dispositif cin\u00e9matographique, on a pas fait \u00ab\u00a0du Depardon\u00a0\u00bb. Mais comme lui, j&rsquo;ai voulu t\u00e9moigner, de ces gens l\u00e0, parce que je les aime profond\u00e9ment pour leur authenticit\u00e9<\/p>\n<p><img loading=\"lazy\" decoding=\"async\" class=\"aligncenter size-large wp-image-2834\" src=\"https:\/\/www.cinedia.fr\/lucie-lefilm\/wp-content\/uploads\/2020\/02\/Capture-d\u2019e\u0301cran-2020-02-13-a\u0300-13.29.38-1024x529.png\" alt=\"\" width=\"1024\" height=\"529\" srcset=\"https:\/\/www.cinedia.fr\/lucie-lefilm\/wp-content\/uploads\/2020\/02\/Capture-d\u2019e\u0301cran-2020-02-13-a\u0300-13.29.38-1024x529.png 1024w, https:\/\/www.cinedia.fr\/lucie-lefilm\/wp-content\/uploads\/2020\/02\/Capture-d\u2019e\u0301cran-2020-02-13-a\u0300-13.29.38-300x155.png 300w, https:\/\/www.cinedia.fr\/lucie-lefilm\/wp-content\/uploads\/2020\/02\/Capture-d\u2019e\u0301cran-2020-02-13-a\u0300-13.29.38-768x397.png 768w, https:\/\/www.cinedia.fr\/lucie-lefilm\/wp-content\/uploads\/2020\/02\/Capture-d\u2019e\u0301cran-2020-02-13-a\u0300-13.29.38.png 1197w\" sizes=\"auto, (max-width: 1024px) 100vw, 1024px\" \/><\/p>\n<p>&#8211; <a href=\"http:\/\/www.allocine.fr\/video\/player_gen_cmedia=19550694&amp;cfilm=233553.html\">La Vie des gens <\/a><span class=\"fs11\">de Oli<b>vie<\/b>r Ducray. je me souviens avoir ador\u00e9 ce film pour sa fraicheur et son humanit\u00e9&#8230;<\/span><\/p>\n<p>&#8211; <a href=\"http:\/\/www.allocine.fr\/video\/player_gen_cmedia=19586628&amp;cfilm=278236.html\">La Peau Dure <\/a>de Sylvain Desclous. G\u00e9rard et Lucie se sont crois\u00e9s en chemin ! Il a la peau dure et comme Lucie, il n&rsquo;a que faire des convention, c&rsquo;est chez lui qu&rsquo;il est bien. et en plus, se marier pour quoi faire, si elle \u00e9tait volage, autant rester seul. A travers G\u00e9rard, j&rsquo;ai retrouv\u00e9 de ma Lucie&#8230; J&rsquo;ai eu la chance de rencontrer le r\u00e9alisateur et de partager avec lui quelques bonnes adresses de cin\u00e9ma, puisque son film est sorti en 2019. Demandez le dans votre salle !<\/p>\n<p>&#8211; <a href=\"http:\/\/www.allocine.fr\/film\/fichefilm_gen_cfilm=227468.html\">Flore <\/a>de Jean-Albert Li\u00e8vre. un documentaire sur l&rsquo;isolement li\u00e9 \u00e0 la maladie d&rsquo;alzheimer. Le journaliste suit sa m\u00e8re depuis le d\u00e9butd e sa maladie d&rsquo;abord avec son portable puis d\u00e9cide d&rsquo;en faire un film, comme un exutoire. Il sauvera sa m\u00e8re des drogues qui lui \u00e9taient administr\u00e9es soit disant pour la calmer. Flore est belle, Flore se fane et Flore rena\u00eet. MAGINFIQUE.<\/p>\n<p>&#8211; M<a href=\"https:\/\/www.youtube.com\/watch?v=gzmAUbr6DWE\">\u00e9moires de la montage<\/a> de Muriel Biton. Ils t\u00e9moignent de leur pass\u00e9 dans les petites C\u00e9vennes. Touchant, sinc\u00e8re, au micro de la R\u00e9alisatrice qui capte l\u00e0 toute une s\u00e9rie de personnages qui au fur et \u00e0 mesure se l\u00e2chent et se confient. On avait oubli\u00e9 \u00e0 quel point le foss\u00e9 entre g\u00e9n\u00e9rations s&rsquo;etait creus\u00e9,\u00a0 ils nous le rappellent. Ils nous rappellent aussi que la vie d&rsquo;avant \u00e9tait dure&#8230; mais quand m\u00eame, qu&rsquo;elle \u00e9tait belle&#8230; j&rsquo;ai \u00e9t\u00e9 marqu\u00e9 par une chose en particulier, c&rsquo;est de r\u00e9aliser \u00e0 quel point cela fut douloureux pour les gens rest\u00e9s au pays lors des trente glorieuses de voir leur pays se vider de son sang&#8230; Le film le raconte avec \u00e9motion. j&rsquo;ai eu la chance de rencontrer Muriel Biton \u00e0 Les Vans en Ard\u00e8che lors d&rsquo;une projection. C&rsquo;\u00e9tait tr\u00e8s agr\u00e9able de partager, nous avons tant de convictions communes&#8230;de partage et de t\u00e9moignage.<\/p>\n<p><a href=\"https:\/\/www.youtube.com\/watch?v=-NkRCBRbnMw\">Chez Eux<\/a> de Christian Anglade, Sur You tube. Lorsque j&rsquo;ai d\u00e9couvert ce document BRUT, le temps s&rsquo;est arret\u00e9. L&rsquo;image est magnifique en 8mm, tourn\u00e9e dans les ann\u00e9es 70. On d\u00e9couvre des sc\u00e8nes de vie \u00e0 peine mise en sc\u00e8ne, avec les vrais sons d&rsquo;ambiance. un bijou, un tr\u00e9sor ! J&rsquo;ai eu Le r\u00e9alisateur au t\u00e9l\u00e9phone, aujourd&rsquo;hui \u00e0 la retraite. Il m&rsquo;a dit m\u00eame avoir tourn\u00e9 avec des optiques de premier choix qui \u00e0 l&rsquo;\u00e9poque \u00e9taient fabriqu\u00e9es en Haute Loire, tr\u00e8s connues du monde du cin\u00e9ma. Du coup, je lui ai offert le DVD de Lucie et nous avons pu \u00e9changer. Quelle chance ! Merci Monsieur Anglade pour ce t\u00e9moignage pur.<\/p>\n<p>je n&rsquo;ai pas vu mais \u00e7a ne va pas tarder !<\/p>\n<p>&#8211; <a href=\"http:\/\/www.allocine.fr\/video\/player_gen_cmedia=19573821&amp;cfilm=255685.html\">Sans Adieu <\/a>de Christophe Agou. Le film a eu un succ\u00e8s \u00e9norme, il nous parle de ces survivants qui se bataillent dans une soci\u00e9t\u00e9 moderne o\u00f9 le bon sens n&rsquo;est plus au RDV&#8230;. Le r\u00e9alisateur est d\u00e9c\u00e9d\u00e9 mais le film posthume est n\u00e9. Merci \u00e0 lui&#8230; j&rsquo;ai h\u00e2te de voir ce film qui m&rsquo;a accompagn\u00e9 en pens\u00e9es durant toute la tourn\u00e9e pour Lucie tant la Bande Annonce m&rsquo;a sid\u00e9r\u00e9.<\/p>\n<p>&#8211; <a href=\"http:\/\/www.allocine.fr\/film\/fichefilm_gen_cfilm=58923.html\">Paul dans sa vie <\/a>de R\u00e9mi Mauger. Paul n&rsquo;est pas l\u00e0 pour le folklore&#8230; Paul est dans sa vie. Paul c&rsquo;est un peu comme Lucie : \u00a0\u00bb tu veux me filmer ? oh tu te donnes bien du travail\u00a0\u00bb J&rsquo;adore ce naturel que le r\u00e9alisateur donne \u00e0 voir&#8230; H\u00e2te de d\u00e9couvrir aussi ce Pauln&rsquo;h\u00e9sitez pas \u00e0 m&rsquo;\u00e9crire pour compl\u00e9ter.<\/p>\n<p><strong>&#8211; <\/strong>A L&rsquo;ombre du Clocher. Si quelqu&rsquo;un peut m&rsquo;indiquer comment le trouver ? Un film sur l&rsquo;art de vivre en Haute-Ard\u00e8che, r\u00e9alis\u00e9 par Jean-Paul Despesse et Pierre Herz<br \/>\n\u00ab\u00a0Avec des sc\u00e8nes authentiques, jamais reconstitu\u00e9es, le film nous fait d\u00e9couvrir l&rsquo;art de vivre en Haute-Ard\u00e8che. On y retrouvera avec bonheur les gestes ancestraux pratiqu\u00e9s encore de nos jours par \u00ab\u00a0les gens d&rsquo;en haut\u00a0\u00bb, la sagesse originelle des \u00ab\u00a0anciens\u00a0\u00bb, la traite des ch\u00e8vres et la fabrication des fromages, le labourage avec les chars \u00e0 vaches, la cuisson du pain au four de la ferme, la batteuse, le d\u00e9bardage des bois, les vieilles \u00e9choppes du cordonnier et des artisans, mais aussi les traditions et les foires, sans oublier des paysages \u00e0 couper le souffle&#8230; La naissance du veau constitue une v\u00e9ritable sc\u00e8ne d&rsquo;anthologie et bien d&rsquo;autres sc\u00e8nes suscitent l&rsquo;\u00e9motion. Un film \u00e0 voir d&rsquo;urgence pour retrouver ses racines ou pour d\u00e9couvrir une Ard\u00e8che que l&rsquo;on croyait \u00e0 jamais oubli\u00e9e.\u00a0\u00bb<\/p>\n<p><a href=\"https:\/\/www.youtube.com\/watch?v=YyD78crq2Rs\">Le Potager de mon grand-P\u00e8re<\/a> de <span class=\"style-scope yt-formatted-string\" dir=\"auto\">Martin Esposito, trop h\u00e2te de le voir !!! gros succ\u00e8s, on m&rsquo;en a beaucoup parl\u00e9 en tourn\u00e9e. Je pleure juste \u00e0 regarder la bande Annonce.\u00a0 Ce grand-p\u00e8re qui, apr\u00e8s la mort de sa femme, reprend vie en transmettant \u00e0 son petit fils, le r\u00e9alisateur, sa passion du jardinage. Un bijou, a voir vite vite vite&#8230;.<\/span><\/p>\n<p><a href=\"http:\/\/www.film-documentaire.fr\/4DACTION\/w_fiche_film\/57184_1\">Suzanne et Ren\u00e9,<\/a> un pays de terre<span class=\"titre_en\"> de Maria Reggiani&#8230; il vient de sortir.\u00a0<\/span><\/p>\n<p>Et peut-\u00eatre que mon nouveau film entrera dans votre liste, <a href=\"https:\/\/quandjetaispetit.fr\/\" target=\"_blank\" rel=\"noopener\">Quand j&rsquo;\u00e9tais petit<\/a> est le fruit d&rsquo;ann\u00e9es d&rsquo;interviews d&rsquo;anciens par des jeunes&#8230; !<\/p>\n<p>&nbsp;<\/p>\n","protected":false},"excerpt":{"rendered":"<p>J&rsquo;ai depuis longtemps eu envie de dresses une listes des autres films qui parlaient de l&rsquo;isolement des personnes ag\u00e9es, comme Lucie&#8230;<\/p>\n","protected":false},"author":1,"featured_media":2832,"comment_status":"closed","ping_status":"closed","sticky":false,"template":"","format":"standard","meta":{"footnotes":""},"categories":[1],"tags":[],"class_list":["post-2831","post","type-post","status-publish","format-standard","has-post-thumbnail","hentry","category-uncategorized"],"yoast_head":"<!-- This site is optimized with the Yoast SEO plugin v27.5 - https:\/\/yoast.com\/product\/yoast-seo-wordpress\/ -->\n<title>Mes films pr\u00e9f\u00e9r\u00e9s sur l&#039;isolement des personnes \u00e2g\u00e9es - Lucie, Apr\u00e8s moi le d\u00e9luge \/\/ Site Officiel<\/title>\n<meta name=\"robots\" content=\"index, follow, max-snippet:-1, max-image-preview:large, max-video-preview:-1\" \/>\n<link rel=\"canonical\" href=\"https:\/\/www.cinedia.fr\/lucie-lefilm\/les-meilleurs-films-sur-lisolement-des-personnes-agees\/\" \/>\n<meta property=\"og:locale\" content=\"fr_FR\" \/>\n<meta property=\"og:type\" content=\"article\" \/>\n<meta property=\"og:title\" content=\"Mes films pr\u00e9f\u00e9r\u00e9s sur l&#039;isolement des personnes \u00e2g\u00e9es - Lucie, Apr\u00e8s moi le d\u00e9luge \/\/ Site Officiel\" \/>\n<meta property=\"og:description\" content=\"J&rsquo;ai depuis longtemps eu envie de dresses une listes des autres films qui parlaient de l&rsquo;isolement des personnes ag\u00e9es, comme Lucie...\" \/>\n<meta property=\"og:url\" content=\"https:\/\/www.cinedia.fr\/lucie-lefilm\/les-meilleurs-films-sur-lisolement-des-personnes-agees\/\" \/>\n<meta property=\"og:site_name\" content=\"Lucie, Apr\u00e8s moi le d\u00e9luge \/\/ Site Officiel\" \/>\n<meta property=\"article:published_time\" content=\"2020-02-13T13:19:23+00:00\" \/>\n<meta property=\"article:modified_time\" content=\"2025-11-07T09:51:06+00:00\" \/>\n<meta property=\"og:image\" content=\"https:\/\/www.cinedia.fr\/lucie-lefilm\/wp-content\/uploads\/2020\/02\/MEILLEURS-FILMS-SOLITUDE.jpg\" \/>\n\t<meta property=\"og:image:width\" content=\"1920\" \/>\n\t<meta property=\"og:image:height\" content=\"1080\" \/>\n\t<meta property=\"og:image:type\" content=\"image\/jpeg\" \/>\n<meta name=\"author\" content=\"SL\" \/>\n<meta name=\"twitter:card\" content=\"summary_large_image\" \/>\n<meta name=\"twitter:label1\" content=\"\u00c9crit par\" \/>\n\t<meta name=\"twitter:data1\" content=\"SL\" \/>\n\t<meta name=\"twitter:label2\" content=\"Dur\u00e9e de lecture estim\u00e9e\" \/>\n\t<meta name=\"twitter:data2\" content=\"6 minutes\" \/>\n<script type=\"application\/ld+json\" class=\"yoast-schema-graph\">{\"@context\":\"https:\\\/\\\/schema.org\",\"@graph\":[{\"@type\":\"Article\",\"@id\":\"https:\\\/\\\/www.cinedia.fr\\\/lucie-lefilm\\\/les-meilleurs-films-sur-lisolement-des-personnes-agees\\\/#article\",\"isPartOf\":{\"@id\":\"https:\\\/\\\/www.cinedia.fr\\\/lucie-lefilm\\\/les-meilleurs-films-sur-lisolement-des-personnes-agees\\\/\"},\"author\":{\"name\":\"SL\",\"@id\":\"https:\\\/\\\/www.cinedia.fr\\\/lucie-lefilm\\\/#\\\/schema\\\/person\\\/6ae02b4d39bd7351a86961020c2b6933\"},\"headline\":\"Mes films pr\u00e9f\u00e9r\u00e9s sur l&rsquo;isolement des personnes \u00e2g\u00e9es\",\"datePublished\":\"2020-02-13T13:19:23+00:00\",\"dateModified\":\"2025-11-07T09:51:06+00:00\",\"mainEntityOfPage\":{\"@id\":\"https:\\\/\\\/www.cinedia.fr\\\/lucie-lefilm\\\/les-meilleurs-films-sur-lisolement-des-personnes-agees\\\/\"},\"wordCount\":1212,\"image\":{\"@id\":\"https:\\\/\\\/www.cinedia.fr\\\/lucie-lefilm\\\/les-meilleurs-films-sur-lisolement-des-personnes-agees\\\/#primaryimage\"},\"thumbnailUrl\":\"https:\\\/\\\/www.cinedia.fr\\\/lucie-lefilm\\\/wp-content\\\/uploads\\\/2020\\\/02\\\/MEILLEURS-FILMS-SOLITUDE.jpg\",\"articleSection\":[\"Uncategorized\"],\"inLanguage\":\"fr-FR\"},{\"@type\":\"WebPage\",\"@id\":\"https:\\\/\\\/www.cinedia.fr\\\/lucie-lefilm\\\/les-meilleurs-films-sur-lisolement-des-personnes-agees\\\/\",\"url\":\"https:\\\/\\\/www.cinedia.fr\\\/lucie-lefilm\\\/les-meilleurs-films-sur-lisolement-des-personnes-agees\\\/\",\"name\":\"Mes films pr\u00e9f\u00e9r\u00e9s sur l'isolement des personnes \u00e2g\u00e9es - Lucie, Apr\u00e8s moi le d\u00e9luge \\\/\\\/ Site Officiel\",\"isPartOf\":{\"@id\":\"https:\\\/\\\/www.cinedia.fr\\\/lucie-lefilm\\\/#website\"},\"primaryImageOfPage\":{\"@id\":\"https:\\\/\\\/www.cinedia.fr\\\/lucie-lefilm\\\/les-meilleurs-films-sur-lisolement-des-personnes-agees\\\/#primaryimage\"},\"image\":{\"@id\":\"https:\\\/\\\/www.cinedia.fr\\\/lucie-lefilm\\\/les-meilleurs-films-sur-lisolement-des-personnes-agees\\\/#primaryimage\"},\"thumbnailUrl\":\"https:\\\/\\\/www.cinedia.fr\\\/lucie-lefilm\\\/wp-content\\\/uploads\\\/2020\\\/02\\\/MEILLEURS-FILMS-SOLITUDE.jpg\",\"datePublished\":\"2020-02-13T13:19:23+00:00\",\"dateModified\":\"2025-11-07T09:51:06+00:00\",\"author\":{\"@id\":\"https:\\\/\\\/www.cinedia.fr\\\/lucie-lefilm\\\/#\\\/schema\\\/person\\\/6ae02b4d39bd7351a86961020c2b6933\"},\"breadcrumb\":{\"@id\":\"https:\\\/\\\/www.cinedia.fr\\\/lucie-lefilm\\\/les-meilleurs-films-sur-lisolement-des-personnes-agees\\\/#breadcrumb\"},\"inLanguage\":\"fr-FR\",\"potentialAction\":[{\"@type\":\"ReadAction\",\"target\":[\"https:\\\/\\\/www.cinedia.fr\\\/lucie-lefilm\\\/les-meilleurs-films-sur-lisolement-des-personnes-agees\\\/\"]}]},{\"@type\":\"ImageObject\",\"inLanguage\":\"fr-FR\",\"@id\":\"https:\\\/\\\/www.cinedia.fr\\\/lucie-lefilm\\\/les-meilleurs-films-sur-lisolement-des-personnes-agees\\\/#primaryimage\",\"url\":\"https:\\\/\\\/www.cinedia.fr\\\/lucie-lefilm\\\/wp-content\\\/uploads\\\/2020\\\/02\\\/MEILLEURS-FILMS-SOLITUDE.jpg\",\"contentUrl\":\"https:\\\/\\\/www.cinedia.fr\\\/lucie-lefilm\\\/wp-content\\\/uploads\\\/2020\\\/02\\\/MEILLEURS-FILMS-SOLITUDE.jpg\",\"width\":1920,\"height\":1080},{\"@type\":\"BreadcrumbList\",\"@id\":\"https:\\\/\\\/www.cinedia.fr\\\/lucie-lefilm\\\/les-meilleurs-films-sur-lisolement-des-personnes-agees\\\/#breadcrumb\",\"itemListElement\":[{\"@type\":\"ListItem\",\"position\":1,\"name\":\"Accueil\",\"item\":\"https:\\\/\\\/www.cinedia.fr\\\/lucie-lefilm\\\/\"},{\"@type\":\"ListItem\",\"position\":2,\"name\":\"Mes films pr\u00e9f\u00e9r\u00e9s sur l&rsquo;isolement des personnes \u00e2g\u00e9es\"}]},{\"@type\":\"WebSite\",\"@id\":\"https:\\\/\\\/www.cinedia.fr\\\/lucie-lefilm\\\/#website\",\"url\":\"https:\\\/\\\/www.cinedia.fr\\\/lucie-lefilm\\\/\",\"name\":\"Lucie, Apr\u00e8s moi le d\u00e9luge \\\/\\\/ Site Officiel\",\"description\":\"Le site officiel du film documentaire de Sophie Loridon sorti en 2019.\",\"potentialAction\":[{\"@type\":\"SearchAction\",\"target\":{\"@type\":\"EntryPoint\",\"urlTemplate\":\"https:\\\/\\\/www.cinedia.fr\\\/lucie-lefilm\\\/?s={search_term_string}\"},\"query-input\":{\"@type\":\"PropertyValueSpecification\",\"valueRequired\":true,\"valueName\":\"search_term_string\"}}],\"inLanguage\":\"fr-FR\"},{\"@type\":\"Person\",\"@id\":\"https:\\\/\\\/www.cinedia.fr\\\/lucie-lefilm\\\/#\\\/schema\\\/person\\\/6ae02b4d39bd7351a86961020c2b6933\",\"name\":\"SL\",\"image\":{\"@type\":\"ImageObject\",\"inLanguage\":\"fr-FR\",\"@id\":\"https:\\\/\\\/secure.gravatar.com\\\/avatar\\\/b13141976e430cefeec211adf1d38220a1d79fc0355bba62ddcda6103e055553?s=96&d=mm&r=g\",\"url\":\"https:\\\/\\\/secure.gravatar.com\\\/avatar\\\/b13141976e430cefeec211adf1d38220a1d79fc0355bba62ddcda6103e055553?s=96&d=mm&r=g\",\"contentUrl\":\"https:\\\/\\\/secure.gravatar.com\\\/avatar\\\/b13141976e430cefeec211adf1d38220a1d79fc0355bba62ddcda6103e055553?s=96&d=mm&r=g\",\"caption\":\"SL\"},\"url\":\"https:\\\/\\\/www.cinedia.fr\\\/lucie-lefilm\\\/author\\\/adminlucie\\\/\"}]}<\/script>\n<!-- \/ Yoast SEO plugin. -->","yoast_head_json":{"title":"Mes films pr\u00e9f\u00e9r\u00e9s sur l'isolement des personnes \u00e2g\u00e9es - Lucie, Apr\u00e8s moi le d\u00e9luge \/\/ Site Officiel","robots":{"index":"index","follow":"follow","max-snippet":"max-snippet:-1","max-image-preview":"max-image-preview:large","max-video-preview":"max-video-preview:-1"},"canonical":"https:\/\/www.cinedia.fr\/lucie-lefilm\/les-meilleurs-films-sur-lisolement-des-personnes-agees\/","og_locale":"fr_FR","og_type":"article","og_title":"Mes films pr\u00e9f\u00e9r\u00e9s sur l'isolement des personnes \u00e2g\u00e9es - Lucie, Apr\u00e8s moi le d\u00e9luge \/\/ Site Officiel","og_description":"J&rsquo;ai depuis longtemps eu envie de dresses une listes des autres films qui parlaient de l&rsquo;isolement des personnes ag\u00e9es, comme Lucie...","og_url":"https:\/\/www.cinedia.fr\/lucie-lefilm\/les-meilleurs-films-sur-lisolement-des-personnes-agees\/","og_site_name":"Lucie, Apr\u00e8s moi le d\u00e9luge \/\/ Site Officiel","article_published_time":"2020-02-13T13:19:23+00:00","article_modified_time":"2025-11-07T09:51:06+00:00","og_image":[{"width":1920,"height":1080,"url":"https:\/\/www.cinedia.fr\/lucie-lefilm\/wp-content\/uploads\/2020\/02\/MEILLEURS-FILMS-SOLITUDE.jpg","type":"image\/jpeg"}],"author":"SL","twitter_card":"summary_large_image","twitter_misc":{"\u00c9crit par":"SL","Dur\u00e9e de lecture estim\u00e9e":"6 minutes"},"schema":{"@context":"https:\/\/schema.org","@graph":[{"@type":"Article","@id":"https:\/\/www.cinedia.fr\/lucie-lefilm\/les-meilleurs-films-sur-lisolement-des-personnes-agees\/#article","isPartOf":{"@id":"https:\/\/www.cinedia.fr\/lucie-lefilm\/les-meilleurs-films-sur-lisolement-des-personnes-agees\/"},"author":{"name":"SL","@id":"https:\/\/www.cinedia.fr\/lucie-lefilm\/#\/schema\/person\/6ae02b4d39bd7351a86961020c2b6933"},"headline":"Mes films pr\u00e9f\u00e9r\u00e9s sur l&rsquo;isolement des personnes \u00e2g\u00e9es","datePublished":"2020-02-13T13:19:23+00:00","dateModified":"2025-11-07T09:51:06+00:00","mainEntityOfPage":{"@id":"https:\/\/www.cinedia.fr\/lucie-lefilm\/les-meilleurs-films-sur-lisolement-des-personnes-agees\/"},"wordCount":1212,"image":{"@id":"https:\/\/www.cinedia.fr\/lucie-lefilm\/les-meilleurs-films-sur-lisolement-des-personnes-agees\/#primaryimage"},"thumbnailUrl":"https:\/\/www.cinedia.fr\/lucie-lefilm\/wp-content\/uploads\/2020\/02\/MEILLEURS-FILMS-SOLITUDE.jpg","articleSection":["Uncategorized"],"inLanguage":"fr-FR"},{"@type":"WebPage","@id":"https:\/\/www.cinedia.fr\/lucie-lefilm\/les-meilleurs-films-sur-lisolement-des-personnes-agees\/","url":"https:\/\/www.cinedia.fr\/lucie-lefilm\/les-meilleurs-films-sur-lisolement-des-personnes-agees\/","name":"Mes films pr\u00e9f\u00e9r\u00e9s sur l'isolement des personnes \u00e2g\u00e9es - Lucie, Apr\u00e8s moi le d\u00e9luge \/\/ Site Officiel","isPartOf":{"@id":"https:\/\/www.cinedia.fr\/lucie-lefilm\/#website"},"primaryImageOfPage":{"@id":"https:\/\/www.cinedia.fr\/lucie-lefilm\/les-meilleurs-films-sur-lisolement-des-personnes-agees\/#primaryimage"},"image":{"@id":"https:\/\/www.cinedia.fr\/lucie-lefilm\/les-meilleurs-films-sur-lisolement-des-personnes-agees\/#primaryimage"},"thumbnailUrl":"https:\/\/www.cinedia.fr\/lucie-lefilm\/wp-content\/uploads\/2020\/02\/MEILLEURS-FILMS-SOLITUDE.jpg","datePublished":"2020-02-13T13:19:23+00:00","dateModified":"2025-11-07T09:51:06+00:00","author":{"@id":"https:\/\/www.cinedia.fr\/lucie-lefilm\/#\/schema\/person\/6ae02b4d39bd7351a86961020c2b6933"},"breadcrumb":{"@id":"https:\/\/www.cinedia.fr\/lucie-lefilm\/les-meilleurs-films-sur-lisolement-des-personnes-agees\/#breadcrumb"},"inLanguage":"fr-FR","potentialAction":[{"@type":"ReadAction","target":["https:\/\/www.cinedia.fr\/lucie-lefilm\/les-meilleurs-films-sur-lisolement-des-personnes-agees\/"]}]},{"@type":"ImageObject","inLanguage":"fr-FR","@id":"https:\/\/www.cinedia.fr\/lucie-lefilm\/les-meilleurs-films-sur-lisolement-des-personnes-agees\/#primaryimage","url":"https:\/\/www.cinedia.fr\/lucie-lefilm\/wp-content\/uploads\/2020\/02\/MEILLEURS-FILMS-SOLITUDE.jpg","contentUrl":"https:\/\/www.cinedia.fr\/lucie-lefilm\/wp-content\/uploads\/2020\/02\/MEILLEURS-FILMS-SOLITUDE.jpg","width":1920,"height":1080},{"@type":"BreadcrumbList","@id":"https:\/\/www.cinedia.fr\/lucie-lefilm\/les-meilleurs-films-sur-lisolement-des-personnes-agees\/#breadcrumb","itemListElement":[{"@type":"ListItem","position":1,"name":"Accueil","item":"https:\/\/www.cinedia.fr\/lucie-lefilm\/"},{"@type":"ListItem","position":2,"name":"Mes films pr\u00e9f\u00e9r\u00e9s sur l&rsquo;isolement des personnes \u00e2g\u00e9es"}]},{"@type":"WebSite","@id":"https:\/\/www.cinedia.fr\/lucie-lefilm\/#website","url":"https:\/\/www.cinedia.fr\/lucie-lefilm\/","name":"Lucie, Apr\u00e8s moi le d\u00e9luge \/\/ Site Officiel","description":"Le site officiel du film documentaire de Sophie Loridon sorti en 2019.","potentialAction":[{"@type":"SearchAction","target":{"@type":"EntryPoint","urlTemplate":"https:\/\/www.cinedia.fr\/lucie-lefilm\/?s={search_term_string}"},"query-input":{"@type":"PropertyValueSpecification","valueRequired":true,"valueName":"search_term_string"}}],"inLanguage":"fr-FR"},{"@type":"Person","@id":"https:\/\/www.cinedia.fr\/lucie-lefilm\/#\/schema\/person\/6ae02b4d39bd7351a86961020c2b6933","name":"SL","image":{"@type":"ImageObject","inLanguage":"fr-FR","@id":"https:\/\/secure.gravatar.com\/avatar\/b13141976e430cefeec211adf1d38220a1d79fc0355bba62ddcda6103e055553?s=96&d=mm&r=g","url":"https:\/\/secure.gravatar.com\/avatar\/b13141976e430cefeec211adf1d38220a1d79fc0355bba62ddcda6103e055553?s=96&d=mm&r=g","contentUrl":"https:\/\/secure.gravatar.com\/avatar\/b13141976e430cefeec211adf1d38220a1d79fc0355bba62ddcda6103e055553?s=96&d=mm&r=g","caption":"SL"},"url":"https:\/\/www.cinedia.fr\/lucie-lefilm\/author\/adminlucie\/"}]}},"_links":{"self":[{"href":"https:\/\/www.cinedia.fr\/lucie-lefilm\/wp-json\/wp\/v2\/posts\/2831","targetHints":{"allow":["GET"]}}],"collection":[{"href":"https:\/\/www.cinedia.fr\/lucie-lefilm\/wp-json\/wp\/v2\/posts"}],"about":[{"href":"https:\/\/www.cinedia.fr\/lucie-lefilm\/wp-json\/wp\/v2\/types\/post"}],"author":[{"embeddable":true,"href":"https:\/\/www.cinedia.fr\/lucie-lefilm\/wp-json\/wp\/v2\/users\/1"}],"replies":[{"embeddable":true,"href":"https:\/\/www.cinedia.fr\/lucie-lefilm\/wp-json\/wp\/v2\/comments?post=2831"}],"version-history":[{"count":12,"href":"https:\/\/www.cinedia.fr\/lucie-lefilm\/wp-json\/wp\/v2\/posts\/2831\/revisions"}],"predecessor-version":[{"id":2835,"href":"https:\/\/www.cinedia.fr\/lucie-lefilm\/wp-json\/wp\/v2\/posts\/2831\/revisions\/2835"}],"wp:featuredmedia":[{"embeddable":true,"href":"https:\/\/www.cinedia.fr\/lucie-lefilm\/wp-json\/wp\/v2\/media\/2832"}],"wp:attachment":[{"href":"https:\/\/www.cinedia.fr\/lucie-lefilm\/wp-json\/wp\/v2\/media?parent=2831"}],"wp:term":[{"taxonomy":"category","embeddable":true,"href":"https:\/\/www.cinedia.fr\/lucie-lefilm\/wp-json\/wp\/v2\/categories?post=2831"},{"taxonomy":"post_tag","embeddable":true,"href":"https:\/\/www.cinedia.fr\/lucie-lefilm\/wp-json\/wp\/v2\/tags?post=2831"}],"curies":[{"name":"wp","href":"https:\/\/api.w.org\/{rel}","templated":true}]}}