{"id":2850,"date":"2020-02-18T14:09:10","date_gmt":"2020-02-18T14:09:10","guid":{"rendered":"https:\/\/www.cinedia.fr\/lucie-lefilm\/?p=2850"},"modified":"2020-02-18T14:12:18","modified_gmt":"2020-02-18T14:12:18","slug":"2850-2","status":"publish","type":"post","link":"https:\/\/www.cinedia.fr\/lucie-lefilm\/2850-2\/","title":{"rendered":"Les Po\u00e9sies du film \u00ab\u00a0Lucie, Apr\u00e8s Moi Le D\u00e9luge\u00a0\u00bb"},"content":{"rendered":"<p>Depuis 2 ans vous nous demandez les po\u00e9sies de Lucie&#8230;<\/p>\n<p>Nous avons retrouv\u00e9 les sources gr\u00e2ce \u00e0 Christian Roug\u00e9 de France Bleu Is\u00e8re&#8230;Grand merci !!!<\/p>\n<p><b>La neige\u00a0<\/b><\/p>\n<p>Elle tombe sans bruit, tourbillonne, et, discr\u00e8te,<\/p>\n<p>Flocon apr\u00e8s flocon, timidement s&rsquo;arr\u00eate<\/p>\n<p>Sur les monts, sur les toits, sur les arbres transis,<\/p>\n<p>Sur le houx qui r\u00e9siste et le gen\u00eat qui ploie.<\/p>\n<p>Sur l&rsquo;\u00e9tang solitaire o\u00f9 son aile se noie,<\/p>\n<p>Sur la route o\u00f9 se h\u00e2te un passant ind\u00e9cis.<\/p>\n<p>&nbsp;<\/p>\n<p>La neige ! \u00e0 ce seul mot on se serre dans l&rsquo;\u00e2tre<\/p>\n<p>O\u00f9 le h\u00eatre encor vert tord sa flamme bleu\u00e2tre.<\/p>\n<p>O la longue veill\u00e9e ! <i>\u00f4 <\/i>les contes charmants !<\/p>\n<p>Les histoires de loups de l&rsquo;a\u00efeul qui tisonne,<\/p>\n<p>Qui font qu\u2019on se rapproche encore et qu\u2019on frissonne;<\/p>\n<p>Et qu\u2019on regarde vers la porte \u00e0 tous moments !<\/p>\n<p>&nbsp;<\/p>\n<p>Et les ch\u00e2taignes d\u2019or qui, dans la po\u00eale sombre,<\/p>\n<p>Partent comme des coups de pistolet dans l\u2019ombre,<\/p>\n<p>Pour le plus grand bonheur des marmots \u00e9bahis !<\/p>\n<p>Et le vin blanc nouveau souriant dans les verres,<\/p>\n<p>Et qui fait s\u2019envoler des gosiers peu s\u00e9v\u00e8res<\/p>\n<p>Les gais propos et les vieux refrains pays !<\/p>\n<p>&nbsp;<\/p>\n<p>Le soleil sur la neige ! \u00f4 splendeurs aveuglantes!<\/p>\n<p>Dans les pr\u00e9s, dans les champs, sur les rocs, sur les plantes,<\/p>\n<p>Tout brille, tout ruisselle; on dirait que les cieux,<\/p>\n<p>R\u00e9duisant en flocons les \u00e9toiles qu\u2019ils roulent,<\/p>\n<p>En ont couvert le sol pour que nos pieds les foulent,<\/p>\n<p>Et qu\u2019une heure, de pr\u00e8s, les contemplent nos yeux.<\/p>\n<p><i>Fran\u00e7ois Fabi\u00e9\u00a0<\/i><\/p>\n<p>&nbsp;<\/p>\n<p><strong>La plainte du bois<\/strong><\/p>\n<p>Dans l&rsquo;\u00e2tre flamboyant le feu siffle et d\u00e9tone,<\/p>\n<p>Et le vieux bois g\u00e9mit d&rsquo;une voix monotone.<\/p>\n<p>Il dit qu&rsquo;il \u00e9tait n\u00e9 pour vivre dans l&rsquo;air pur,<\/p>\n<p>Pour se nourrir de terre et s&rsquo;abreuver d&rsquo;azur,<\/p>\n<p>Pour grandir lentement et pousser chaque ann\u00e9e<\/p>\n<p>Plus haut, toujours plus haut, sa t\u00eate couronn\u00e9e,<\/p>\n<p>Pour parfumer avril de ses grappes de fleurs,<\/p>\n<p>Pour abriter les nids et les oiseaux siffleurs,<\/p>\n<p>Pour jeter dans le vent mille chansons joyeuses,<\/p>\n<p>Pour v\u00eatir tour \u00e0 tour ses robes merveilleuses,<\/p>\n<p>Son manteau de printemps de fins bourgeons couvert,<\/p>\n<p>Et la pourpre en automne, et l&rsquo;hermine en hiver.<\/p>\n<p>&nbsp;<\/p>\n<p>Il dit que l&rsquo;homme est dur, avare et sans entrailles,<\/p>\n<p>D&rsquo;avoir \u00e0 coups de hache et par d&rsquo;\u00e2pres entailles<\/p>\n<p>Tu\u00e9 l&rsquo;arbre ; car l&rsquo;arbre est un \u00eatre vivant.<\/p>\n<p>Il dit comme il fut bon pour l&rsquo;homme bien souvent,<\/p>\n<p>Qu&rsquo;\u00e0 nos jeunes amours et nos baisers sans nombre<\/p>\n<p>Il a pr\u00eat\u00e9 l&rsquo;alc\u00f4ve obscure de son ombre,<\/p>\n<p>Qu&rsquo;il nous couvrait le jour de ses frais parasols<\/p>\n<p>Et nous ber\u00e7ait la nuit aux chants des rossignols,<\/p>\n<p>Et qu&rsquo;ingrats, oubliant notre amour, notre enfance,<\/p>\n<p>Nous coupons sans piti\u00e9 le g\u00e9ant sans d\u00e9fense.<\/p>\n<p>Et dans l&rsquo;\u00e2tre en brasier le bois geint et se tord.<\/p>\n<p>&nbsp;<\/p>\n<p>\u00d4 bois, tu n\u2019es pas sage et tu te plains \u00e0 tort.<\/p>\n<p>Nos mains en te coupant ne sont pas assassines.<\/p>\n<p>Encha\u00een\u00e9, subissant l\u2019entrave des racines,<\/p>\n<p>Tu v\u00e9g\u00e9tais au m\u00eame endroit, sans mouvement,<\/p>\n<p>Et conjoint \u00e0 la terre ins\u00e9parablement.<\/p>\n<p>Toi qui veux \u00eatre libre et qui proclames l\u2019arbre<\/p>\n<p>Vivant, tu demeurais plant\u00e9 l\u00e0 comme un marbre,<\/p>\n<p>Captif en ton \u00e9corce ainsi qu\u2019en un r\u00e9seau,<\/p>\n<p>Et tu ne devinais l\u2019essor que par l\u2019oiseau.<\/p>\n<p>Nous t\u2019avons d\u00e9livr\u00e9 du sol o\u00f9 tu te rives,<\/p>\n<p>Et te voil\u00e0 flottant sur l\u2019eau, voyant des rives<\/p>\n<p>Avec leurs bateliers, leurs maisons, leurs chevaux.<\/p>\n<p>\u00d4 les cieux diff\u00e9rents ! les horizons nouveaux !<\/p>\n<p>Que de biens inconnus tu vas enfin conna\u00eetre !<\/p>\n<p>Quel souffle d\u2019aventure \u00e9trange te p\u00e9n\u00e8tre !<\/p>\n<p>Mais tout cela n\u2019est rien. Car tu rampes encor.<\/p>\n<p>Qu\u2019on le fende et le br\u00fble, et qu\u2019il prenne l\u2019essor !<\/p>\n<p>Et le feu furieux te d\u00e9vore la fibre.<\/p>\n<p>Ah ! tu vis maintenant, tu vis, te voil\u00e0 libre !<\/p>\n<p>Plus haut que les parfums printaniers de tes fleurs,<\/p>\n<p>Plus haut que les chansons de tes oiseaux siffleurs,<\/p>\n<p>Plus haut que tes soupirs, plus haut que mes paroles,<\/p>\n<p>Dans la nue et l\u2019espace infini tu t\u2019envoles !<\/p>\n<p>Vers ces roses vapeurs o\u00f9 le soleil du soir<\/p>\n<p>S\u2019\u00e9teint comme une braise au fond d\u2019un encensoir,<\/p>\n<p>Vers ce firmament bleu dont la gloire allum\u00e9e<\/p>\n<p>Absorbe avec amour ton \u00e2me de fum\u00e9e,<\/p>\n<p>Vers ce myst\u00e9rieux et sublime lointain<\/p>\n<p>O\u00f9 viendra s\u2019\u00e9veiller demain le frais matin,<\/p>\n<p>O\u00f9 luiront cette nuit les splendeurs sid\u00e9rales,<\/p>\n<p>Monte, monte toujours, d\u00e9roule tes spirales,<\/p>\n<p>Monte, \u00e9vanouis-toi, fuis, disparais ! Voici<\/p>\n<p>Que ton dernier flocon flotte seul, aminci,<\/p>\n<p>Et se fond, se dissout, s\u2019en va. Tu perds ton \u00eatre ;<\/p>\n<p>Aucun oeil \u00e0 pr\u00e9sent ne peut te reconna\u00eetre ;<\/p>\n<p>Et toi qui regrettais le grand ciel et l\u2019air pur,<\/p>\n<p>\u00d4 vieux bois, tu deviens un morceau de l\u2019azur.<\/p>\n<p><a href=\"https:\/\/paroles2chansons.lemonde.fr\/auteur-jean-richepin\"><i>Jean Richepin<\/i><\/a><\/p>\n<p>&nbsp;<\/p>\n<p><b>AUX PAYSANS\u00a0<\/b><\/p>\n<p>Aux Voix qui vous diront la ville et ses merveilles,<\/p>\n<p>N&rsquo;ouvrez pas votre coeur, paysans, mes amis !<\/p>\n<p>A l\u2019appel des cit\u00e9s n\u2019ouvrez pas vos oreilles ;<\/p>\n<p>Elles donnent, H\u00e9las ! moins qu\u2019elles n\u2019ont promis<\/p>\n<p>&nbsp;<\/p>\n<p>Laissez chanter le choeur des machines stridentes,<\/p>\n<p>Laissez les noirs engins hurler \u00e0 pleins ressorts.<\/p>\n<p>De vos sage a\u00efeux gardez les moeurs prudentes;<\/p>\n<p>Et comme ils ont v\u00e9cu, vivez calmes et forts!<\/p>\n<p>&nbsp;<\/p>\n<p>La cit\u00e9 pour son peuple en vain se dit f\u00e9conde ;<\/p>\n<p>Le pain de ses enfans est plus amer que doux.<\/p>\n<p>Sous un luxe qui ment, tel rit aux yeux du monde<\/p>\n<p>Qui tout bas porte envie au dernier d\u2019entre vous !<\/p>\n<p>&nbsp;<\/p>\n<p>Paisibles et contents, la t\u00e2che termin\u00e9e,<\/p>\n<p>A votre chez foyer vous rentrez chaque soir.<\/p>\n<p>Combien de citadins, au bout de leurs journ\u00e9e,<\/p>\n<p>ne rapportent chez eux qu\u2019une morne d\u00e9sespoir!<\/p>\n<p>&nbsp;<\/p>\n<p>De beaux enfans vermeils, une chaste compagne,<\/p>\n<p>Voient se pencher sur eux votre front adouci.<\/p>\n<p>Pour la p\u00e2le ouvrier que la mis\u00e8re gagne,<\/p>\n<p>La femme et les enfants sont \u00e2pre souci.<\/p>\n<p>&nbsp;<\/p>\n<p>A vos champs, \u00e0 vos bois, demeurez donc fid\u00e8les :<\/p>\n<p>Aimez vos deux vallons, aimez votre m\u00e9tier.<\/p>\n<p>Auguste est le travail de vos mains paternelles,<\/p>\n<p>C\u2019est de votre sueur que vit le monde entier.<\/p>\n<p>&nbsp;<\/p>\n<p>De l\u2019air qui vous entoure une sagesse \u00e9mane;<\/p>\n<p>La plante vous conseille le sol vous instruit :<\/p>\n<p>Restez, dit le sillon, dont vous cueillez la manne;<\/p>\n<p>Et le fr\u00eane du seuil : malheur \u00e0 qui me fuit !<\/p>\n<p>&nbsp;<\/p>\n<p>Les saisons, il est vrai, vous sont parfois cruelles;<\/p>\n<p>Aux caprices des cieux vos labeurs sont soumis.<\/p>\n<p>Les bl\u00e9s tendres encor sont broy\u00e9s par les gr\u00eales,<\/p>\n<p>Les vergers sont battus par les vents ennemis.<\/p>\n<p>&nbsp;<\/p>\n<p>Le d\u00e9sastre pourtant n\u2019est jamais sans rem\u00e8de;<\/p>\n<p>Avant peu, sous vos toits , la douleur s\u2019interrompt.<\/p>\n<p>Lolive a fait d\u00e9faut, les pr\u00e9s viendront en aide;<\/p>\n<p>Si les bl\u00e9s ont manqu\u00e9, les pampres donneront.<\/p>\n<p>&nbsp;<\/p>\n<p>Qu\u2019elles est hideuse \u00e0 voir, la mis\u00e8re des villes !<\/p>\n<p>De quels affreux haillons ses membres sont v\u00eatus !<\/p>\n<p>Que d\u2019opprobres en elle et de passions viles !<\/p>\n<p>La pauvret\u00e9 rustique est m\u00e8re de vertus.<\/p>\n<p>&nbsp;<\/p>\n<p>Elle a sa dignit\u00e9; sans envie et sans haine,<\/p>\n<p>Elle va poursuivant le travail de ses bras.<\/p>\n<p>Virile et bienfaisante, elle ressemble au ch\u00eane,<\/p>\n<p>D\u2019autant plus g\u00e9n\u00e9reux sur des sols plus ingrats.<\/p>\n<p>&nbsp;<\/p>\n<p>C\u2019est elle rev\u00eat d\u2019une indomptable force<\/p>\n<p>Vos fils durs \u00e0 la neige, insensibles au feu ;<\/p>\n<p>Par elle, vous gardez, sous une rude \u00e9corce,<\/p>\n<p>Les tendresses du coeur et la croyance en Dieu.<\/p>\n<p>&nbsp;<\/p>\n<p>Si la France un matin vous aligne en phalange,<\/p>\n<p>Vous savez faire honneur \u00e0 votre humble berceau,<\/p>\n<p>Vous, dignes h\u00e9ritiers des gloires sans m\u00e9lange,<\/p>\n<p>Fr\u00e8res de Jeanne d\u2019Arc, de Hoche et de Marceau !<\/p>\n<p>&nbsp;<\/p>\n<p>Aux Voix qui vous diront la ville et ses merveilles,<\/p>\n<p>N&rsquo;ouvrez pas votre coeur, paysans, mes amis !<\/p>\n<p>A l\u2019appel des cit\u00e9s n\u2019ouvrez pas vos oreilles ;<\/p>\n<p>Elles donnent, H\u00e9las ! moins qu\u2019elles n\u2019ont promis<\/p>\n<p><i>J.AUTRAN<\/i><\/p>\n<p>&nbsp;<\/p>\n<p><em>de m\u00e9moire de Lucie (source non retrouv\u00e9e)<\/em><\/p>\n<p><b>Le feu<\/b><\/p>\n<p>Que de bien le feu nous donne<\/p>\n<p>Qu\u2019il nous donne de plaisir<\/p>\n<p>Partout il brille et rayonne<\/p>\n<p>Pour contenter nos d\u00e9sirs.<\/p>\n<p>Le feu, le feu nous rend tout joyeux<\/p>\n<p>Nous rend tout heureux<\/p>\n<p>Vive le feu !<\/p>\n<p>&nbsp;<\/p>\n<p><a href=\"https:\/\/paroles2chansons.lemonde.fr\/\">\u00a0<\/a><\/p>\n<p>&nbsp;<\/p>\n","protected":false},"excerpt":{"rendered":"<p>Depuis 2 ans vous nous demandez les po\u00e9sies de Lucie&#8230; Nous avons retrouv\u00e9 les sources gr\u00e2ce \u00e0 Christian Roug\u00e9 de France&#8230;<\/p>\n","protected":false},"author":1,"featured_media":2851,"comment_status":"closed","ping_status":"closed","sticky":false,"template":"","format":"standard","meta":{"footnotes":""},"categories":[1],"tags":[],"class_list":["post-2850","post","type-post","status-publish","format-standard","has-post-thumbnail","hentry","category-uncategorized"],"yoast_head":"<!-- This site is optimized with the Yoast SEO plugin v27.5 - https:\/\/yoast.com\/product\/yoast-seo-wordpress\/ -->\n<title>Les Po\u00e9sies du film &quot;Lucie, Apr\u00e8s Moi Le D\u00e9luge&quot; - Lucie, Apr\u00e8s moi le d\u00e9luge \/\/ Site Officiel<\/title>\n<meta name=\"robots\" content=\"index, follow, max-snippet:-1, max-image-preview:large, max-video-preview:-1\" \/>\n<link rel=\"canonical\" href=\"https:\/\/www.cinedia.fr\/lucie-lefilm\/2850-2\/\" \/>\n<meta property=\"og:locale\" content=\"fr_FR\" \/>\n<meta property=\"og:type\" content=\"article\" \/>\n<meta property=\"og:title\" content=\"Les Po\u00e9sies du film &quot;Lucie, Apr\u00e8s Moi Le D\u00e9luge&quot; - Lucie, Apr\u00e8s moi le d\u00e9luge \/\/ Site Officiel\" \/>\n<meta property=\"og:description\" content=\"Depuis 2 ans vous nous demandez les po\u00e9sies de Lucie&#8230; Nous avons retrouv\u00e9 les sources gr\u00e2ce \u00e0 Christian Roug\u00e9 de France...\" \/>\n<meta property=\"og:url\" content=\"https:\/\/www.cinedia.fr\/lucie-lefilm\/2850-2\/\" \/>\n<meta property=\"og:site_name\" content=\"Lucie, Apr\u00e8s moi le d\u00e9luge \/\/ Site Officiel\" \/>\n<meta property=\"article:published_time\" content=\"2020-02-18T14:09:10+00:00\" \/>\n<meta property=\"article:modified_time\" content=\"2020-02-18T14:12:18+00:00\" \/>\n<meta property=\"og:image\" content=\"https:\/\/www.cinedia.fr\/lucie-lefilm\/wp-content\/uploads\/2020\/02\/image-poesie-1024x581.png\" \/>\n\t<meta property=\"og:image:width\" content=\"1024\" \/>\n\t<meta property=\"og:image:height\" content=\"581\" \/>\n\t<meta property=\"og:image:type\" content=\"image\/png\" \/>\n<meta name=\"author\" content=\"SL\" \/>\n<meta name=\"twitter:card\" content=\"summary_large_image\" \/>\n<meta name=\"twitter:label1\" content=\"\u00c9crit par\" \/>\n\t<meta name=\"twitter:data1\" content=\"SL\" \/>\n\t<meta name=\"twitter:label2\" content=\"Dur\u00e9e de lecture estim\u00e9e\" \/>\n\t<meta name=\"twitter:data2\" content=\"7 minutes\" \/>\n<script type=\"application\/ld+json\" class=\"yoast-schema-graph\">{\"@context\":\"https:\\\/\\\/schema.org\",\"@graph\":[{\"@type\":\"Article\",\"@id\":\"https:\\\/\\\/www.cinedia.fr\\\/lucie-lefilm\\\/2850-2\\\/#article\",\"isPartOf\":{\"@id\":\"https:\\\/\\\/www.cinedia.fr\\\/lucie-lefilm\\\/2850-2\\\/\"},\"author\":{\"name\":\"SL\",\"@id\":\"https:\\\/\\\/www.cinedia.fr\\\/lucie-lefilm\\\/#\\\/schema\\\/person\\\/6ae02b4d39bd7351a86961020c2b6933\"},\"headline\":\"Les Po\u00e9sies du film \u00ab\u00a0Lucie, Apr\u00e8s Moi Le D\u00e9luge\u00a0\u00bb\",\"datePublished\":\"2020-02-18T14:09:10+00:00\",\"dateModified\":\"2020-02-18T14:12:18+00:00\",\"mainEntityOfPage\":{\"@id\":\"https:\\\/\\\/www.cinedia.fr\\\/lucie-lefilm\\\/2850-2\\\/\"},\"wordCount\":1424,\"image\":{\"@id\":\"https:\\\/\\\/www.cinedia.fr\\\/lucie-lefilm\\\/2850-2\\\/#primaryimage\"},\"thumbnailUrl\":\"https:\\\/\\\/www.cinedia.fr\\\/lucie-lefilm\\\/wp-content\\\/uploads\\\/2020\\\/02\\\/image-poesie.png\",\"articleSection\":[\"Uncategorized\"],\"inLanguage\":\"fr-FR\"},{\"@type\":\"WebPage\",\"@id\":\"https:\\\/\\\/www.cinedia.fr\\\/lucie-lefilm\\\/2850-2\\\/\",\"url\":\"https:\\\/\\\/www.cinedia.fr\\\/lucie-lefilm\\\/2850-2\\\/\",\"name\":\"Les Po\u00e9sies du film \\\"Lucie, Apr\u00e8s Moi Le D\u00e9luge\\\" - Lucie, Apr\u00e8s moi le d\u00e9luge \\\/\\\/ Site Officiel\",\"isPartOf\":{\"@id\":\"https:\\\/\\\/www.cinedia.fr\\\/lucie-lefilm\\\/#website\"},\"primaryImageOfPage\":{\"@id\":\"https:\\\/\\\/www.cinedia.fr\\\/lucie-lefilm\\\/2850-2\\\/#primaryimage\"},\"image\":{\"@id\":\"https:\\\/\\\/www.cinedia.fr\\\/lucie-lefilm\\\/2850-2\\\/#primaryimage\"},\"thumbnailUrl\":\"https:\\\/\\\/www.cinedia.fr\\\/lucie-lefilm\\\/wp-content\\\/uploads\\\/2020\\\/02\\\/image-poesie.png\",\"datePublished\":\"2020-02-18T14:09:10+00:00\",\"dateModified\":\"2020-02-18T14:12:18+00:00\",\"author\":{\"@id\":\"https:\\\/\\\/www.cinedia.fr\\\/lucie-lefilm\\\/#\\\/schema\\\/person\\\/6ae02b4d39bd7351a86961020c2b6933\"},\"breadcrumb\":{\"@id\":\"https:\\\/\\\/www.cinedia.fr\\\/lucie-lefilm\\\/2850-2\\\/#breadcrumb\"},\"inLanguage\":\"fr-FR\",\"potentialAction\":[{\"@type\":\"ReadAction\",\"target\":[\"https:\\\/\\\/www.cinedia.fr\\\/lucie-lefilm\\\/2850-2\\\/\"]}]},{\"@type\":\"ImageObject\",\"inLanguage\":\"fr-FR\",\"@id\":\"https:\\\/\\\/www.cinedia.fr\\\/lucie-lefilm\\\/2850-2\\\/#primaryimage\",\"url\":\"https:\\\/\\\/www.cinedia.fr\\\/lucie-lefilm\\\/wp-content\\\/uploads\\\/2020\\\/02\\\/image-poesie.png\",\"contentUrl\":\"https:\\\/\\\/www.cinedia.fr\\\/lucie-lefilm\\\/wp-content\\\/uploads\\\/2020\\\/02\\\/image-poesie.png\",\"width\":1508,\"height\":856},{\"@type\":\"BreadcrumbList\",\"@id\":\"https:\\\/\\\/www.cinedia.fr\\\/lucie-lefilm\\\/2850-2\\\/#breadcrumb\",\"itemListElement\":[{\"@type\":\"ListItem\",\"position\":1,\"name\":\"Accueil\",\"item\":\"https:\\\/\\\/www.cinedia.fr\\\/lucie-lefilm\\\/\"},{\"@type\":\"ListItem\",\"position\":2,\"name\":\"Les Po\u00e9sies du film \u00ab\u00a0Lucie, Apr\u00e8s Moi Le D\u00e9luge\u00a0\u00bb\"}]},{\"@type\":\"WebSite\",\"@id\":\"https:\\\/\\\/www.cinedia.fr\\\/lucie-lefilm\\\/#website\",\"url\":\"https:\\\/\\\/www.cinedia.fr\\\/lucie-lefilm\\\/\",\"name\":\"Lucie, Apr\u00e8s moi le d\u00e9luge \\\/\\\/ Site Officiel\",\"description\":\"Le site officiel du film documentaire de Sophie Loridon sorti en 2019.\",\"potentialAction\":[{\"@type\":\"SearchAction\",\"target\":{\"@type\":\"EntryPoint\",\"urlTemplate\":\"https:\\\/\\\/www.cinedia.fr\\\/lucie-lefilm\\\/?s={search_term_string}\"},\"query-input\":{\"@type\":\"PropertyValueSpecification\",\"valueRequired\":true,\"valueName\":\"search_term_string\"}}],\"inLanguage\":\"fr-FR\"},{\"@type\":\"Person\",\"@id\":\"https:\\\/\\\/www.cinedia.fr\\\/lucie-lefilm\\\/#\\\/schema\\\/person\\\/6ae02b4d39bd7351a86961020c2b6933\",\"name\":\"SL\",\"image\":{\"@type\":\"ImageObject\",\"inLanguage\":\"fr-FR\",\"@id\":\"https:\\\/\\\/secure.gravatar.com\\\/avatar\\\/b13141976e430cefeec211adf1d38220a1d79fc0355bba62ddcda6103e055553?s=96&d=mm&r=g\",\"url\":\"https:\\\/\\\/secure.gravatar.com\\\/avatar\\\/b13141976e430cefeec211adf1d38220a1d79fc0355bba62ddcda6103e055553?s=96&d=mm&r=g\",\"contentUrl\":\"https:\\\/\\\/secure.gravatar.com\\\/avatar\\\/b13141976e430cefeec211adf1d38220a1d79fc0355bba62ddcda6103e055553?s=96&d=mm&r=g\",\"caption\":\"SL\"},\"url\":\"https:\\\/\\\/www.cinedia.fr\\\/lucie-lefilm\\\/author\\\/adminlucie\\\/\"}]}<\/script>\n<!-- \/ Yoast SEO plugin. -->","yoast_head_json":{"title":"Les Po\u00e9sies du film \"Lucie, Apr\u00e8s Moi Le D\u00e9luge\" - Lucie, Apr\u00e8s moi le d\u00e9luge \/\/ Site Officiel","robots":{"index":"index","follow":"follow","max-snippet":"max-snippet:-1","max-image-preview":"max-image-preview:large","max-video-preview":"max-video-preview:-1"},"canonical":"https:\/\/www.cinedia.fr\/lucie-lefilm\/2850-2\/","og_locale":"fr_FR","og_type":"article","og_title":"Les Po\u00e9sies du film \"Lucie, Apr\u00e8s Moi Le D\u00e9luge\" - Lucie, Apr\u00e8s moi le d\u00e9luge \/\/ Site Officiel","og_description":"Depuis 2 ans vous nous demandez les po\u00e9sies de Lucie&#8230; Nous avons retrouv\u00e9 les sources gr\u00e2ce \u00e0 Christian Roug\u00e9 de France...","og_url":"https:\/\/www.cinedia.fr\/lucie-lefilm\/2850-2\/","og_site_name":"Lucie, Apr\u00e8s moi le d\u00e9luge \/\/ Site Officiel","article_published_time":"2020-02-18T14:09:10+00:00","article_modified_time":"2020-02-18T14:12:18+00:00","og_image":[{"width":1024,"height":581,"url":"https:\/\/www.cinedia.fr\/lucie-lefilm\/wp-content\/uploads\/2020\/02\/image-poesie-1024x581.png","type":"image\/png"}],"author":"SL","twitter_card":"summary_large_image","twitter_misc":{"\u00c9crit par":"SL","Dur\u00e9e de lecture estim\u00e9e":"7 minutes"},"schema":{"@context":"https:\/\/schema.org","@graph":[{"@type":"Article","@id":"https:\/\/www.cinedia.fr\/lucie-lefilm\/2850-2\/#article","isPartOf":{"@id":"https:\/\/www.cinedia.fr\/lucie-lefilm\/2850-2\/"},"author":{"name":"SL","@id":"https:\/\/www.cinedia.fr\/lucie-lefilm\/#\/schema\/person\/6ae02b4d39bd7351a86961020c2b6933"},"headline":"Les Po\u00e9sies du film \u00ab\u00a0Lucie, Apr\u00e8s Moi Le D\u00e9luge\u00a0\u00bb","datePublished":"2020-02-18T14:09:10+00:00","dateModified":"2020-02-18T14:12:18+00:00","mainEntityOfPage":{"@id":"https:\/\/www.cinedia.fr\/lucie-lefilm\/2850-2\/"},"wordCount":1424,"image":{"@id":"https:\/\/www.cinedia.fr\/lucie-lefilm\/2850-2\/#primaryimage"},"thumbnailUrl":"https:\/\/www.cinedia.fr\/lucie-lefilm\/wp-content\/uploads\/2020\/02\/image-poesie.png","articleSection":["Uncategorized"],"inLanguage":"fr-FR"},{"@type":"WebPage","@id":"https:\/\/www.cinedia.fr\/lucie-lefilm\/2850-2\/","url":"https:\/\/www.cinedia.fr\/lucie-lefilm\/2850-2\/","name":"Les Po\u00e9sies du film \"Lucie, Apr\u00e8s Moi Le D\u00e9luge\" - Lucie, Apr\u00e8s moi le d\u00e9luge \/\/ Site Officiel","isPartOf":{"@id":"https:\/\/www.cinedia.fr\/lucie-lefilm\/#website"},"primaryImageOfPage":{"@id":"https:\/\/www.cinedia.fr\/lucie-lefilm\/2850-2\/#primaryimage"},"image":{"@id":"https:\/\/www.cinedia.fr\/lucie-lefilm\/2850-2\/#primaryimage"},"thumbnailUrl":"https:\/\/www.cinedia.fr\/lucie-lefilm\/wp-content\/uploads\/2020\/02\/image-poesie.png","datePublished":"2020-02-18T14:09:10+00:00","dateModified":"2020-02-18T14:12:18+00:00","author":{"@id":"https:\/\/www.cinedia.fr\/lucie-lefilm\/#\/schema\/person\/6ae02b4d39bd7351a86961020c2b6933"},"breadcrumb":{"@id":"https:\/\/www.cinedia.fr\/lucie-lefilm\/2850-2\/#breadcrumb"},"inLanguage":"fr-FR","potentialAction":[{"@type":"ReadAction","target":["https:\/\/www.cinedia.fr\/lucie-lefilm\/2850-2\/"]}]},{"@type":"ImageObject","inLanguage":"fr-FR","@id":"https:\/\/www.cinedia.fr\/lucie-lefilm\/2850-2\/#primaryimage","url":"https:\/\/www.cinedia.fr\/lucie-lefilm\/wp-content\/uploads\/2020\/02\/image-poesie.png","contentUrl":"https:\/\/www.cinedia.fr\/lucie-lefilm\/wp-content\/uploads\/2020\/02\/image-poesie.png","width":1508,"height":856},{"@type":"BreadcrumbList","@id":"https:\/\/www.cinedia.fr\/lucie-lefilm\/2850-2\/#breadcrumb","itemListElement":[{"@type":"ListItem","position":1,"name":"Accueil","item":"https:\/\/www.cinedia.fr\/lucie-lefilm\/"},{"@type":"ListItem","position":2,"name":"Les Po\u00e9sies du film \u00ab\u00a0Lucie, Apr\u00e8s Moi Le D\u00e9luge\u00a0\u00bb"}]},{"@type":"WebSite","@id":"https:\/\/www.cinedia.fr\/lucie-lefilm\/#website","url":"https:\/\/www.cinedia.fr\/lucie-lefilm\/","name":"Lucie, Apr\u00e8s moi le d\u00e9luge \/\/ Site Officiel","description":"Le site officiel du film documentaire de Sophie Loridon sorti en 2019.","potentialAction":[{"@type":"SearchAction","target":{"@type":"EntryPoint","urlTemplate":"https:\/\/www.cinedia.fr\/lucie-lefilm\/?s={search_term_string}"},"query-input":{"@type":"PropertyValueSpecification","valueRequired":true,"valueName":"search_term_string"}}],"inLanguage":"fr-FR"},{"@type":"Person","@id":"https:\/\/www.cinedia.fr\/lucie-lefilm\/#\/schema\/person\/6ae02b4d39bd7351a86961020c2b6933","name":"SL","image":{"@type":"ImageObject","inLanguage":"fr-FR","@id":"https:\/\/secure.gravatar.com\/avatar\/b13141976e430cefeec211adf1d38220a1d79fc0355bba62ddcda6103e055553?s=96&d=mm&r=g","url":"https:\/\/secure.gravatar.com\/avatar\/b13141976e430cefeec211adf1d38220a1d79fc0355bba62ddcda6103e055553?s=96&d=mm&r=g","contentUrl":"https:\/\/secure.gravatar.com\/avatar\/b13141976e430cefeec211adf1d38220a1d79fc0355bba62ddcda6103e055553?s=96&d=mm&r=g","caption":"SL"},"url":"https:\/\/www.cinedia.fr\/lucie-lefilm\/author\/adminlucie\/"}]}},"_links":{"self":[{"href":"https:\/\/www.cinedia.fr\/lucie-lefilm\/wp-json\/wp\/v2\/posts\/2850","targetHints":{"allow":["GET"]}}],"collection":[{"href":"https:\/\/www.cinedia.fr\/lucie-lefilm\/wp-json\/wp\/v2\/posts"}],"about":[{"href":"https:\/\/www.cinedia.fr\/lucie-lefilm\/wp-json\/wp\/v2\/types\/post"}],"author":[{"embeddable":true,"href":"https:\/\/www.cinedia.fr\/lucie-lefilm\/wp-json\/wp\/v2\/users\/1"}],"replies":[{"embeddable":true,"href":"https:\/\/www.cinedia.fr\/lucie-lefilm\/wp-json\/wp\/v2\/comments?post=2850"}],"version-history":[{"count":5,"href":"https:\/\/www.cinedia.fr\/lucie-lefilm\/wp-json\/wp\/v2\/posts\/2850\/revisions"}],"predecessor-version":[{"id":2856,"href":"https:\/\/www.cinedia.fr\/lucie-lefilm\/wp-json\/wp\/v2\/posts\/2850\/revisions\/2856"}],"wp:featuredmedia":[{"embeddable":true,"href":"https:\/\/www.cinedia.fr\/lucie-lefilm\/wp-json\/wp\/v2\/media\/2851"}],"wp:attachment":[{"href":"https:\/\/www.cinedia.fr\/lucie-lefilm\/wp-json\/wp\/v2\/media?parent=2850"}],"wp:term":[{"taxonomy":"category","embeddable":true,"href":"https:\/\/www.cinedia.fr\/lucie-lefilm\/wp-json\/wp\/v2\/categories?post=2850"},{"taxonomy":"post_tag","embeddable":true,"href":"https:\/\/www.cinedia.fr\/lucie-lefilm\/wp-json\/wp\/v2\/tags?post=2850"}],"curies":[{"name":"wp","href":"https:\/\/api.w.org\/{rel}","templated":true}]}}