{"id":2894,"date":"2020-07-03T15:03:02","date_gmt":"2020-07-03T15:03:02","guid":{"rendered":"https:\/\/www.cinedia.fr\/lucie-lefilm\/?p=2894"},"modified":"2020-07-03T15:07:57","modified_gmt":"2020-07-03T15:07:57","slug":"selection-au-festival-du-film-de-femmes-de-creteil-2020","status":"publish","type":"post","link":"https:\/\/www.cinedia.fr\/lucie-lefilm\/selection-au-festival-du-film-de-femmes-de-creteil-2020\/","title":{"rendered":"S\u00e9lection au Festival du Film de Femmes de Cr\u00e9teil 2020 !"},"content":{"rendered":"<p><img loading=\"lazy\" decoding=\"async\" class=\"aligncenter size-full wp-image-2895\" src=\"https:\/\/www.cinedia.fr\/lucie-lefilm\/wp-content\/uploads\/2020\/07\/Capture-d\u2019e\u0301cran-2020-07-03-a\u0300-16.59.26.png\" alt=\"\" width=\"652\" height=\"952\" srcset=\"https:\/\/www.cinedia.fr\/lucie-lefilm\/wp-content\/uploads\/2020\/07\/Capture-d\u2019e\u0301cran-2020-07-03-a\u0300-16.59.26.png 652w, https:\/\/www.cinedia.fr\/lucie-lefilm\/wp-content\/uploads\/2020\/07\/Capture-d\u2019e\u0301cran-2020-07-03-a\u0300-16.59.26-205x300.png 205w\" sizes=\"auto, (max-width: 652px) 100vw, 652px\" \/>Lucie s\u00e9lectionn\u00e9e au FFC, quel bonheur ! Malheureusement, la pand\u00e9mie a emp\u00each\u00e9 sa diffusion&#8230;Partie remise ?<br \/>\nOn \u00e9tait tr\u00e8s fiers que Lucie trouve sa place dans la s\u00e9rie \u00ab <em>La beaut\u00e9 de l\u2019ombre \u00e0 la lumi\u00e8re<\/em> \u00bb. C\u2019est le fil rouge choisi pour cette 42<sup>e<\/sup> \u00e9dition du festival Films de Femmes \u00e0 Cr\u00e9teil. En choisissant ce th\u00e8me, Jackie Bruet, directrice du festival a voulu aller \u00e0 l\u2019encontre de l\u2019image fig\u00e9e du cin\u00e9ma : \u00ab <em>Les beaut\u00e9s sont vari\u00e9es et diverses. Elles sont antiracistes, anti-sexistes et anti-normes. \u00bb<\/em><\/p>\n","protected":false},"excerpt":{"rendered":"<p>Lucie s\u00e9lectionn\u00e9e au FFC, quel bonheur ! Malheureusement, la pand\u00e9mie a emp\u00each\u00e9 sa diffusion&#8230;Partie remise ? On \u00e9tait tr\u00e8s fiers que&#8230;<\/p>\n","protected":false},"author":1,"featured_media":2895,"comment_status":"closed","ping_status":"closed","sticky":false,"template":"","format":"standard","meta":{"footnotes":""},"categories":[1],"tags":[],"class_list":["post-2894","post","type-post","status-publish","format-standard","has-post-thumbnail","hentry","category-uncategorized"],"yoast_head":"<!-- This site is optimized with the Yoast SEO plugin v27.5 - https:\/\/yoast.com\/product\/yoast-seo-wordpress\/ -->\n<title>S\u00e9lection au Festival du Film de Femmes de Cr\u00e9teil 2020 ! - Lucie, Apr\u00e8s moi le d\u00e9luge \/\/ Site Officiel<\/title>\n<meta name=\"robots\" content=\"index, follow, max-snippet:-1, max-image-preview:large, max-video-preview:-1\" \/>\n<link rel=\"canonical\" href=\"https:\/\/www.cinedia.fr\/lucie-lefilm\/selection-au-festival-du-film-de-femmes-de-creteil-2020\/\" \/>\n<meta property=\"og:locale\" content=\"fr_FR\" \/>\n<meta property=\"og:type\" content=\"article\" \/>\n<meta property=\"og:title\" content=\"S\u00e9lection au Festival du Film de Femmes de Cr\u00e9teil 2020 ! - Lucie, Apr\u00e8s moi le d\u00e9luge \/\/ Site Officiel\" \/>\n<meta property=\"og:description\" content=\"Lucie s\u00e9lectionn\u00e9e au FFC, quel bonheur ! Malheureusement, la pand\u00e9mie a emp\u00each\u00e9 sa diffusion&#8230;Partie remise ? On \u00e9tait tr\u00e8s fiers que...\" \/>\n<meta property=\"og:url\" content=\"https:\/\/www.cinedia.fr\/lucie-lefilm\/selection-au-festival-du-film-de-femmes-de-creteil-2020\/\" \/>\n<meta property=\"og:site_name\" content=\"Lucie, Apr\u00e8s moi le d\u00e9luge \/\/ Site Officiel\" \/>\n<meta property=\"article:published_time\" content=\"2020-07-03T15:03:02+00:00\" \/>\n<meta property=\"article:modified_time\" content=\"2020-07-03T15:07:57+00:00\" \/>\n<meta property=\"og:image\" content=\"https:\/\/www.cinedia.fr\/lucie-lefilm\/wp-content\/uploads\/2020\/07\/Capture-d\u2019e\u0301cran-2020-07-03-a\u0300-16.59.26.png\" \/>\n\t<meta property=\"og:image:width\" content=\"652\" \/>\n\t<meta property=\"og:image:height\" content=\"952\" \/>\n\t<meta property=\"og:image:type\" content=\"image\/png\" \/>\n<meta name=\"author\" content=\"SL\" \/>\n<meta name=\"twitter:card\" content=\"summary_large_image\" \/>\n<meta name=\"twitter:label1\" content=\"\u00c9crit par\" \/>\n\t<meta name=\"twitter:data1\" content=\"SL\" \/>\n<script type=\"application\/ld+json\" class=\"yoast-schema-graph\">{\"@context\":\"https:\\\/\\\/schema.org\",\"@graph\":[{\"@type\":\"Article\",\"@id\":\"https:\\\/\\\/www.cinedia.fr\\\/lucie-lefilm\\\/selection-au-festival-du-film-de-femmes-de-creteil-2020\\\/#article\",\"isPartOf\":{\"@id\":\"https:\\\/\\\/www.cinedia.fr\\\/lucie-lefilm\\\/selection-au-festival-du-film-de-femmes-de-creteil-2020\\\/\"},\"author\":{\"name\":\"SL\",\"@id\":\"https:\\\/\\\/www.cinedia.fr\\\/lucie-lefilm\\\/#\\\/schema\\\/person\\\/6ae02b4d39bd7351a86961020c2b6933\"},\"headline\":\"S\u00e9lection au Festival du Film de Femmes de Cr\u00e9teil 2020 !\",\"datePublished\":\"2020-07-03T15:03:02+00:00\",\"dateModified\":\"2020-07-03T15:07:57+00:00\",\"mainEntityOfPage\":{\"@id\":\"https:\\\/\\\/www.cinedia.fr\\\/lucie-lefilm\\\/selection-au-festival-du-film-de-femmes-de-creteil-2020\\\/\"},\"wordCount\":106,\"image\":{\"@id\":\"https:\\\/\\\/www.cinedia.fr\\\/lucie-lefilm\\\/selection-au-festival-du-film-de-femmes-de-creteil-2020\\\/#primaryimage\"},\"thumbnailUrl\":\"https:\\\/\\\/www.cinedia.fr\\\/lucie-lefilm\\\/wp-content\\\/uploads\\\/2020\\\/07\\\/Capture-d\u2019e\u0301cran-2020-07-03-a\u0300-16.59.26.png\",\"articleSection\":[\"Uncategorized\"],\"inLanguage\":\"fr-FR\"},{\"@type\":\"WebPage\",\"@id\":\"https:\\\/\\\/www.cinedia.fr\\\/lucie-lefilm\\\/selection-au-festival-du-film-de-femmes-de-creteil-2020\\\/\",\"url\":\"https:\\\/\\\/www.cinedia.fr\\\/lucie-lefilm\\\/selection-au-festival-du-film-de-femmes-de-creteil-2020\\\/\",\"name\":\"S\u00e9lection au Festival du Film de Femmes de Cr\u00e9teil 2020 ! - Lucie, Apr\u00e8s moi le d\u00e9luge \\\/\\\/ Site Officiel\",\"isPartOf\":{\"@id\":\"https:\\\/\\\/www.cinedia.fr\\\/lucie-lefilm\\\/#website\"},\"primaryImageOfPage\":{\"@id\":\"https:\\\/\\\/www.cinedia.fr\\\/lucie-lefilm\\\/selection-au-festival-du-film-de-femmes-de-creteil-2020\\\/#primaryimage\"},\"image\":{\"@id\":\"https:\\\/\\\/www.cinedia.fr\\\/lucie-lefilm\\\/selection-au-festival-du-film-de-femmes-de-creteil-2020\\\/#primaryimage\"},\"thumbnailUrl\":\"https:\\\/\\\/www.cinedia.fr\\\/lucie-lefilm\\\/wp-content\\\/uploads\\\/2020\\\/07\\\/Capture-d\u2019e\u0301cran-2020-07-03-a\u0300-16.59.26.png\",\"datePublished\":\"2020-07-03T15:03:02+00:00\",\"dateModified\":\"2020-07-03T15:07:57+00:00\",\"author\":{\"@id\":\"https:\\\/\\\/www.cinedia.fr\\\/lucie-lefilm\\\/#\\\/schema\\\/person\\\/6ae02b4d39bd7351a86961020c2b6933\"},\"breadcrumb\":{\"@id\":\"https:\\\/\\\/www.cinedia.fr\\\/lucie-lefilm\\\/selection-au-festival-du-film-de-femmes-de-creteil-2020\\\/#breadcrumb\"},\"inLanguage\":\"fr-FR\",\"potentialAction\":[{\"@type\":\"ReadAction\",\"target\":[\"https:\\\/\\\/www.cinedia.fr\\\/lucie-lefilm\\\/selection-au-festival-du-film-de-femmes-de-creteil-2020\\\/\"]}]},{\"@type\":\"ImageObject\",\"inLanguage\":\"fr-FR\",\"@id\":\"https:\\\/\\\/www.cinedia.fr\\\/lucie-lefilm\\\/selection-au-festival-du-film-de-femmes-de-creteil-2020\\\/#primaryimage\",\"url\":\"https:\\\/\\\/www.cinedia.fr\\\/lucie-lefilm\\\/wp-content\\\/uploads\\\/2020\\\/07\\\/Capture-d\u2019e\u0301cran-2020-07-03-a\u0300-16.59.26.png\",\"contentUrl\":\"https:\\\/\\\/www.cinedia.fr\\\/lucie-lefilm\\\/wp-content\\\/uploads\\\/2020\\\/07\\\/Capture-d\u2019e\u0301cran-2020-07-03-a\u0300-16.59.26.png\",\"width\":652,\"height\":952},{\"@type\":\"BreadcrumbList\",\"@id\":\"https:\\\/\\\/www.cinedia.fr\\\/lucie-lefilm\\\/selection-au-festival-du-film-de-femmes-de-creteil-2020\\\/#breadcrumb\",\"itemListElement\":[{\"@type\":\"ListItem\",\"position\":1,\"name\":\"Accueil\",\"item\":\"https:\\\/\\\/www.cinedia.fr\\\/lucie-lefilm\\\/\"},{\"@type\":\"ListItem\",\"position\":2,\"name\":\"S\u00e9lection au Festival du Film de Femmes de Cr\u00e9teil 2020 !\"}]},{\"@type\":\"WebSite\",\"@id\":\"https:\\\/\\\/www.cinedia.fr\\\/lucie-lefilm\\\/#website\",\"url\":\"https:\\\/\\\/www.cinedia.fr\\\/lucie-lefilm\\\/\",\"name\":\"Lucie, Apr\u00e8s moi le d\u00e9luge \\\/\\\/ Site Officiel\",\"description\":\"Le site officiel du film documentaire de Sophie Loridon sorti en 2019.\",\"potentialAction\":[{\"@type\":\"SearchAction\",\"target\":{\"@type\":\"EntryPoint\",\"urlTemplate\":\"https:\\\/\\\/www.cinedia.fr\\\/lucie-lefilm\\\/?s={search_term_string}\"},\"query-input\":{\"@type\":\"PropertyValueSpecification\",\"valueRequired\":true,\"valueName\":\"search_term_string\"}}],\"inLanguage\":\"fr-FR\"},{\"@type\":\"Person\",\"@id\":\"https:\\\/\\\/www.cinedia.fr\\\/lucie-lefilm\\\/#\\\/schema\\\/person\\\/6ae02b4d39bd7351a86961020c2b6933\",\"name\":\"SL\",\"image\":{\"@type\":\"ImageObject\",\"inLanguage\":\"fr-FR\",\"@id\":\"https:\\\/\\\/secure.gravatar.com\\\/avatar\\\/b13141976e430cefeec211adf1d38220a1d79fc0355bba62ddcda6103e055553?s=96&d=mm&r=g\",\"url\":\"https:\\\/\\\/secure.gravatar.com\\\/avatar\\\/b13141976e430cefeec211adf1d38220a1d79fc0355bba62ddcda6103e055553?s=96&d=mm&r=g\",\"contentUrl\":\"https:\\\/\\\/secure.gravatar.com\\\/avatar\\\/b13141976e430cefeec211adf1d38220a1d79fc0355bba62ddcda6103e055553?s=96&d=mm&r=g\",\"caption\":\"SL\"},\"url\":\"https:\\\/\\\/www.cinedia.fr\\\/lucie-lefilm\\\/author\\\/adminlucie\\\/\"}]}<\/script>\n<!-- \/ Yoast SEO plugin. -->","yoast_head_json":{"title":"S\u00e9lection au Festival du Film de Femmes de Cr\u00e9teil 2020 ! - Lucie, Apr\u00e8s moi le d\u00e9luge \/\/ Site Officiel","robots":{"index":"index","follow":"follow","max-snippet":"max-snippet:-1","max-image-preview":"max-image-preview:large","max-video-preview":"max-video-preview:-1"},"canonical":"https:\/\/www.cinedia.fr\/lucie-lefilm\/selection-au-festival-du-film-de-femmes-de-creteil-2020\/","og_locale":"fr_FR","og_type":"article","og_title":"S\u00e9lection au Festival du Film de Femmes de Cr\u00e9teil 2020 ! - Lucie, Apr\u00e8s moi le d\u00e9luge \/\/ Site Officiel","og_description":"Lucie s\u00e9lectionn\u00e9e au FFC, quel bonheur ! Malheureusement, la pand\u00e9mie a emp\u00each\u00e9 sa diffusion&#8230;Partie remise ? On \u00e9tait tr\u00e8s fiers que...","og_url":"https:\/\/www.cinedia.fr\/lucie-lefilm\/selection-au-festival-du-film-de-femmes-de-creteil-2020\/","og_site_name":"Lucie, Apr\u00e8s moi le d\u00e9luge \/\/ Site Officiel","article_published_time":"2020-07-03T15:03:02+00:00","article_modified_time":"2020-07-03T15:07:57+00:00","og_image":[{"width":652,"height":952,"url":"https:\/\/www.cinedia.fr\/lucie-lefilm\/wp-content\/uploads\/2020\/07\/Capture-d\u2019e\u0301cran-2020-07-03-a\u0300-16.59.26.png","type":"image\/png"}],"author":"SL","twitter_card":"summary_large_image","twitter_misc":{"\u00c9crit par":"SL"},"schema":{"@context":"https:\/\/schema.org","@graph":[{"@type":"Article","@id":"https:\/\/www.cinedia.fr\/lucie-lefilm\/selection-au-festival-du-film-de-femmes-de-creteil-2020\/#article","isPartOf":{"@id":"https:\/\/www.cinedia.fr\/lucie-lefilm\/selection-au-festival-du-film-de-femmes-de-creteil-2020\/"},"author":{"name":"SL","@id":"https:\/\/www.cinedia.fr\/lucie-lefilm\/#\/schema\/person\/6ae02b4d39bd7351a86961020c2b6933"},"headline":"S\u00e9lection au Festival du Film de Femmes de Cr\u00e9teil 2020 !","datePublished":"2020-07-03T15:03:02+00:00","dateModified":"2020-07-03T15:07:57+00:00","mainEntityOfPage":{"@id":"https:\/\/www.cinedia.fr\/lucie-lefilm\/selection-au-festival-du-film-de-femmes-de-creteil-2020\/"},"wordCount":106,"image":{"@id":"https:\/\/www.cinedia.fr\/lucie-lefilm\/selection-au-festival-du-film-de-femmes-de-creteil-2020\/#primaryimage"},"thumbnailUrl":"https:\/\/www.cinedia.fr\/lucie-lefilm\/wp-content\/uploads\/2020\/07\/Capture-d\u2019e\u0301cran-2020-07-03-a\u0300-16.59.26.png","articleSection":["Uncategorized"],"inLanguage":"fr-FR"},{"@type":"WebPage","@id":"https:\/\/www.cinedia.fr\/lucie-lefilm\/selection-au-festival-du-film-de-femmes-de-creteil-2020\/","url":"https:\/\/www.cinedia.fr\/lucie-lefilm\/selection-au-festival-du-film-de-femmes-de-creteil-2020\/","name":"S\u00e9lection au Festival du Film de Femmes de Cr\u00e9teil 2020 ! - Lucie, Apr\u00e8s moi le d\u00e9luge \/\/ Site Officiel","isPartOf":{"@id":"https:\/\/www.cinedia.fr\/lucie-lefilm\/#website"},"primaryImageOfPage":{"@id":"https:\/\/www.cinedia.fr\/lucie-lefilm\/selection-au-festival-du-film-de-femmes-de-creteil-2020\/#primaryimage"},"image":{"@id":"https:\/\/www.cinedia.fr\/lucie-lefilm\/selection-au-festival-du-film-de-femmes-de-creteil-2020\/#primaryimage"},"thumbnailUrl":"https:\/\/www.cinedia.fr\/lucie-lefilm\/wp-content\/uploads\/2020\/07\/Capture-d\u2019e\u0301cran-2020-07-03-a\u0300-16.59.26.png","datePublished":"2020-07-03T15:03:02+00:00","dateModified":"2020-07-03T15:07:57+00:00","author":{"@id":"https:\/\/www.cinedia.fr\/lucie-lefilm\/#\/schema\/person\/6ae02b4d39bd7351a86961020c2b6933"},"breadcrumb":{"@id":"https:\/\/www.cinedia.fr\/lucie-lefilm\/selection-au-festival-du-film-de-femmes-de-creteil-2020\/#breadcrumb"},"inLanguage":"fr-FR","potentialAction":[{"@type":"ReadAction","target":["https:\/\/www.cinedia.fr\/lucie-lefilm\/selection-au-festival-du-film-de-femmes-de-creteil-2020\/"]}]},{"@type":"ImageObject","inLanguage":"fr-FR","@id":"https:\/\/www.cinedia.fr\/lucie-lefilm\/selection-au-festival-du-film-de-femmes-de-creteil-2020\/#primaryimage","url":"https:\/\/www.cinedia.fr\/lucie-lefilm\/wp-content\/uploads\/2020\/07\/Capture-d\u2019e\u0301cran-2020-07-03-a\u0300-16.59.26.png","contentUrl":"https:\/\/www.cinedia.fr\/lucie-lefilm\/wp-content\/uploads\/2020\/07\/Capture-d\u2019e\u0301cran-2020-07-03-a\u0300-16.59.26.png","width":652,"height":952},{"@type":"BreadcrumbList","@id":"https:\/\/www.cinedia.fr\/lucie-lefilm\/selection-au-festival-du-film-de-femmes-de-creteil-2020\/#breadcrumb","itemListElement":[{"@type":"ListItem","position":1,"name":"Accueil","item":"https:\/\/www.cinedia.fr\/lucie-lefilm\/"},{"@type":"ListItem","position":2,"name":"S\u00e9lection au Festival du Film de Femmes de Cr\u00e9teil 2020 !"}]},{"@type":"WebSite","@id":"https:\/\/www.cinedia.fr\/lucie-lefilm\/#website","url":"https:\/\/www.cinedia.fr\/lucie-lefilm\/","name":"Lucie, Apr\u00e8s moi le d\u00e9luge \/\/ Site Officiel","description":"Le site officiel du film documentaire de Sophie Loridon sorti en 2019.","potentialAction":[{"@type":"SearchAction","target":{"@type":"EntryPoint","urlTemplate":"https:\/\/www.cinedia.fr\/lucie-lefilm\/?s={search_term_string}"},"query-input":{"@type":"PropertyValueSpecification","valueRequired":true,"valueName":"search_term_string"}}],"inLanguage":"fr-FR"},{"@type":"Person","@id":"https:\/\/www.cinedia.fr\/lucie-lefilm\/#\/schema\/person\/6ae02b4d39bd7351a86961020c2b6933","name":"SL","image":{"@type":"ImageObject","inLanguage":"fr-FR","@id":"https:\/\/secure.gravatar.com\/avatar\/b13141976e430cefeec211adf1d38220a1d79fc0355bba62ddcda6103e055553?s=96&d=mm&r=g","url":"https:\/\/secure.gravatar.com\/avatar\/b13141976e430cefeec211adf1d38220a1d79fc0355bba62ddcda6103e055553?s=96&d=mm&r=g","contentUrl":"https:\/\/secure.gravatar.com\/avatar\/b13141976e430cefeec211adf1d38220a1d79fc0355bba62ddcda6103e055553?s=96&d=mm&r=g","caption":"SL"},"url":"https:\/\/www.cinedia.fr\/lucie-lefilm\/author\/adminlucie\/"}]}},"_links":{"self":[{"href":"https:\/\/www.cinedia.fr\/lucie-lefilm\/wp-json\/wp\/v2\/posts\/2894","targetHints":{"allow":["GET"]}}],"collection":[{"href":"https:\/\/www.cinedia.fr\/lucie-lefilm\/wp-json\/wp\/v2\/posts"}],"about":[{"href":"https:\/\/www.cinedia.fr\/lucie-lefilm\/wp-json\/wp\/v2\/types\/post"}],"author":[{"embeddable":true,"href":"https:\/\/www.cinedia.fr\/lucie-lefilm\/wp-json\/wp\/v2\/users\/1"}],"replies":[{"embeddable":true,"href":"https:\/\/www.cinedia.fr\/lucie-lefilm\/wp-json\/wp\/v2\/comments?post=2894"}],"version-history":[{"count":1,"href":"https:\/\/www.cinedia.fr\/lucie-lefilm\/wp-json\/wp\/v2\/posts\/2894\/revisions"}],"predecessor-version":[{"id":2896,"href":"https:\/\/www.cinedia.fr\/lucie-lefilm\/wp-json\/wp\/v2\/posts\/2894\/revisions\/2896"}],"wp:featuredmedia":[{"embeddable":true,"href":"https:\/\/www.cinedia.fr\/lucie-lefilm\/wp-json\/wp\/v2\/media\/2895"}],"wp:attachment":[{"href":"https:\/\/www.cinedia.fr\/lucie-lefilm\/wp-json\/wp\/v2\/media?parent=2894"}],"wp:term":[{"taxonomy":"category","embeddable":true,"href":"https:\/\/www.cinedia.fr\/lucie-lefilm\/wp-json\/wp\/v2\/categories?post=2894"},{"taxonomy":"post_tag","embeddable":true,"href":"https:\/\/www.cinedia.fr\/lucie-lefilm\/wp-json\/wp\/v2\/tags?post=2894"}],"curies":[{"name":"wp","href":"https:\/\/api.w.org\/{rel}","templated":true}]}}