{"id":2905,"date":"2020-07-03T19:06:20","date_gmt":"2020-07-03T19:06:20","guid":{"rendered":"https:\/\/www.cinedia.fr\/lucie-lefilm\/?p=2905"},"modified":"2020-07-03T19:06:20","modified_gmt":"2020-07-03T19:06:20","slug":"la-suite-de-lucie","status":"publish","type":"post","link":"https:\/\/www.cinedia.fr\/lucie-lefilm\/la-suite-de-lucie\/","title":{"rendered":"LA SUITE DE LUCIE ?"},"content":{"rendered":"<p>J&rsquo;anticipe&#8230;demain, samedi 4 juillet, un reportage passe dans la matinale de France Inter&#8230; Alors peut-\u00eatre que le site internet de Lucie risque d&rsquo;\u00eatre \u00e0 nouveau bien sollicit\u00e9 comme lorsque le 16 f\u00e9vrier 2019, Christine Sim\u00e9none, que je salue au passage, fit un reportage sur le film. Ce qui m&rsquo;ouvrit de nombreuses portes !<\/p>\n<p>Vite alors je mets mon site \u00e0 jour. Vite, je me dis que c&rsquo;est le moment de publier ce que je ressens depuis cette crise sanitaire&#8230;<\/p>\n<p>J&rsquo;ai commenc\u00e9 le film de Lucie en janvier 2018, 10 ans apr\u00e8s le tournage.. Nous sommes \u00e0 la mi 2020 et je tourne enfin la page de Lucie, je passe le relais \u00e0 Seven Doc pour la distribution du DVD, et \u00e0 Hugues Laurent, compositeur de la musique du film, successeur de Lucie dans son hameau,\u00a0 le soin de repr\u00e9senter le film en salle.<\/p>\n<p>Je n&rsquo;ai pas communiqu\u00e9 depuis le COVID. Comme un blocage, pas l&rsquo;envie d&rsquo;en rajouter aux milliers de post que l&rsquo;on arrivait d\u00e9j\u00e0 plus \u00e0 \u00e9cluser&#8230;Pas envie de participer \u00e0 tout cela. Ni l&rsquo;envie de donner mon avis, tout est dit. La situation \u00e9tait \u00e0 la fois trop triste et trop absurde. Et Lucie disait d\u00e9j\u00e0 tout.<\/p>\n<p>Je crois que l&rsquo;important c&rsquo;est que chacun ai (re)trouv\u00e9 suite \u00e0 cette crise, ses priorit\u00e9s, ses valeurs.<\/p>\n<p>Moi, jai eu peur. Durant quelques jours, peur que tout par en vrille&#8230; peur de ne plus pouvoir me nourrir, peur de la d\u00e9pendance au syst\u00e8me. Alors, cela a pr\u00e9cipit\u00e9 notre d\u00e9part en Ard\u00e8che. En trois mois, j&rsquo;ai embarqu\u00e9 ma famille, trouv\u00e9 une location, et nous voici ard\u00e9chois. Une \u00e9tape ou installation d\u00e9finitive ? tout ce que je sais, c&rsquo;est que plus jamais je n&rsquo;habiterai dans une ville. Et que sentir la nature vibrer autour de soi, cela change la vie&#8230;<\/p>\n<p>Mon essentiel, je l&rsquo;ai compris gr\u00e2ce au confinement. Avoir du temps. Sentiment de calme int\u00e9rieur jamais ressentit jusqu&rsquo;alors. Le c\u0153ur du monde s&rsquo;\u00e9tait ralentit. le miens avec. Pour autant, je me suis remise au travail, et \u00e0 fond\u00a0 ! choqu\u00e9e par le fait que nous \u00e9tions devenu soudain compl\u00e8tement tributaires. J&rsquo;ai voulu valoriser le travail des agriculteurs pr\u00e8s de chez moi&#8230;<\/p>\n<p>J&rsquo;ai donc commenc\u00e9 un film sur mes amis agriculteurs du village de l&rsquo;agglom\u00e9ration grenobloise ou j&rsquo;habitais, il y a encore 15 jours. Un film qui s\u2019annon\u00e7ait fort, mais qui s&rsquo;est interrompu avant mon d\u00e9part de l&rsquo;agglom\u00e9ration grenobloise. J&rsquo;esp\u00e8re que le tournage reprendra, mais pour l&rsquo;instant nous ne pouvons pas continuer pour des raisons qui sont de l&rsquo;ordre personnel. Voici le teaser de ce film en devenir&#8230;que S\u00e9same Films, production de films ind\u00e9pendants pour le Cin\u00e9ma, a soutenu dans ses premiers balbutiements. Je remercie ici sa productrice, Florence Borelly. Je vous partage le lien, pour le plaisir, sans enjeu pour le moment :<\/p>\n<p><iframe loading=\"lazy\" title=\"PAYSANS MES AMIS - TEASER 13 MAI\" src=\"https:\/\/player.vimeo.com\/video\/418014856?dnt=1&amp;app_id=122963\" width=\"1170\" height=\"658\" frameborder=\"0\" allow=\"autoplay; fullscreen\" allowfullscreen><\/iframe><\/p>\n<p>Aujourd&rsquo;hui, J&rsquo;ai d\u00e9m\u00e9nag\u00e9, et j&rsquo;ai trouv\u00e9 \u00e0 nouveau du temps. Aujourd&rsquo;hui, je ne sais plus&#8230; le temps parait si pr\u00e9cieux, et faire des films et tellement difficile, c&rsquo;est une telle bataille et c&rsquo;est tellement chronophage !<br \/>\nAlors, je me laisse le temps, de reprendre les tournages, ici ou ailleurs, de filmer les traces de vie.<br \/>\nJ&rsquo;esp\u00e8re continuer \u00e0 faire des films, si je trouve les moyens et du soutien.<\/p>\n<p>Mais ce que je souhaite avant tout, c&rsquo;est sentir passer dans mes veine le temps qui passe. regarder ma petite plante pousser, Aliz\u00e9e. Et \u00eatre l\u00e0 pour mes gar\u00e7ons. Durant 2 ans j&rsquo;ai couru de partout pour promouvoir mon film. Et puis je me suis arr\u00eat\u00e9e, abattue, j&rsquo;ai r\u00e9alis\u00e9 que je passais \u00e0 c\u00f4t\u00e9 de l\u2019essentiel : ma propre vie. A quoi bon faire des films \u00e0 caract\u00e8re \u00ab\u00a0humanistes\u00a0\u00bb, si dans sa propre vie on ne respecte plus ses propres valeurs ? pour cela peut-\u00eatre, je ne r\u00e9ussirai jamais \u00e0 exploiter ma passion qui est de faire des films, mais j&rsquo;aurais r\u00e9ussi \u00e0 faire ma vie. Ce sont aussi les mots de mon grand-p\u00e8re, Jean Loridon, le jour de ses 80 ans, o\u00f9 ils nous a tous mis larmes aux yeux. Il avait mis volontairement la priorit\u00e9 sur sa famille, une famille soud\u00e9e, au d\u00e9triment de sa carri\u00e8re, car c&rsquo;\u00e9tait un homme brillant. Je ne parle m\u00eame pas de Berthe, ma grand-m\u00e8re, femme d&rsquo;esprit qui demeura m\u00e8re au foyer toute sa vie, et qui a su garder son sens critique et son humour aiguis\u00e9 jusqu&rsquo;\u00e0 son dernier souffle. Pens\u00e9e au passage \u00e0 tous mes \u00ab\u00a0couz\u00a0\u00bb ador\u00e9s qui comme moi sont tr\u00e8s attach\u00e9s \u00e0 cet esprit de famille. Bref, une famille soud\u00e9e, \u00e7a ne se construit pas en claquant des doigts. C&rsquo;est un sacrifice de chaque jour, au sens sacr\u00e9. C&rsquo;est ce que j&rsquo;aime chez cette famille de paysans que j&rsquo;ai film\u00e9 \u00e0 Murianette.<\/p>\n<p>J&rsquo;ai 44 ans et encore 3 films dans la t\u00eate. Si je travaille jusqu&rsquo;a 80 ans, cela me laisse encore un peu de temps !!! rires. L&rsquo;histoire de mes voisins cambodgiens, que je travaille depuis 2014.\u00a0 Des h\u00e9ros sorti vivants du g\u00e9nocide Khmers Rouges. Un grand sage qui connait la valeur de chaque instant de vie, puisqu&rsquo;il est pass\u00e9 mille fois entre les mailles du filet. Sa vie est un roman, une Odyss\u00e9e. J&rsquo;ai aussi un film sur les anciens de mon village, qui dort dans les tiroirs depuis 2015&#8230;interview\u00e9s par les enfants du village. Un autre film en t\u00eate, peut-\u00eatre que je commencerait en septembre, ma vie au quotidien avec ma fille que nous avons d\u00e9scolaris\u00e9e : comment apprendre \u00e0 penser librement ? Je d\u00e9structure tout mes sch\u00e9mas. J&rsquo;ai mis tellement de temps \u00e0 apprendre \u00e0 sortir des miens, alors je veux aujourd&rsquo;hui offrir \u00e0 ma fille la possibilit\u00e9 de devenir libre ! Et pourquoi pas filmer cette aventure, avec tous les doutes, les peurs, les joies, les surprises que cela va nous procurer ? Ce qui est sure : la vie est courte, et chaque jour compte. Alors pourquoi passer 8 j par jour \u00e0 l&rsquo;\u00e9cole, pour que les parents puissent aller travailler ? QUI au final, s&rsquo;y retrouve dans tout cela ?!<\/p>\n<p>Mais peut-\u00eatre que les films resteront dans ma t\u00eate. Gr\u00e2ce \u00e0 Lucie, j&rsquo;ai pu\u00a0 faire du cin\u00e9ma avec peu de moyens, et beaucoup de c\u0153ur. Si Lucie continue de vivre, ce sera d\u00e9j\u00e0 un beau parcours.<\/p>\n<p>Vous pouvez vous inscrire sur la page Facebook de Lucie :<\/p>\n<p>https:\/\/www.facebook.com\/lucieapresmoiledeluge\/<\/p>\n<p>UN GRAND MERCI A TOUS<\/p>\n<p>Sophie<\/p>\n","protected":false},"excerpt":{"rendered":"<p>J&rsquo;anticipe&#8230;demain, samedi 4 juillet, un reportage passe dans la matinale de France Inter&#8230; Alors peut-\u00eatre que le site internet de Lucie&#8230;<\/p>\n","protected":false},"author":1,"featured_media":2908,"comment_status":"closed","ping_status":"closed","sticky":false,"template":"","format":"standard","meta":{"footnotes":""},"categories":[1],"tags":[],"class_list":["post-2905","post","type-post","status-publish","format-standard","has-post-thumbnail","hentry","category-uncategorized"],"yoast_head":"<!-- This site is optimized with the Yoast SEO plugin v27.5 - https:\/\/yoast.com\/product\/yoast-seo-wordpress\/ -->\n<title>LA SUITE DE LUCIE ? - Lucie, Apr\u00e8s moi le d\u00e9luge \/\/ Site Officiel<\/title>\n<meta name=\"robots\" content=\"index, follow, max-snippet:-1, max-image-preview:large, max-video-preview:-1\" \/>\n<link rel=\"canonical\" href=\"https:\/\/www.cinedia.fr\/lucie-lefilm\/la-suite-de-lucie\/\" \/>\n<meta property=\"og:locale\" content=\"fr_FR\" \/>\n<meta property=\"og:type\" content=\"article\" \/>\n<meta property=\"og:title\" content=\"LA SUITE DE LUCIE ? - Lucie, Apr\u00e8s moi le d\u00e9luge \/\/ Site Officiel\" \/>\n<meta property=\"og:description\" content=\"J&rsquo;anticipe&#8230;demain, samedi 4 juillet, un reportage passe dans la matinale de France Inter&#8230; Alors peut-\u00eatre que le site internet de Lucie...\" \/>\n<meta property=\"og:url\" content=\"https:\/\/www.cinedia.fr\/lucie-lefilm\/la-suite-de-lucie\/\" \/>\n<meta property=\"og:site_name\" content=\"Lucie, Apr\u00e8s moi le d\u00e9luge \/\/ Site Officiel\" \/>\n<meta property=\"article:published_time\" content=\"2020-07-03T19:06:20+00:00\" \/>\n<meta property=\"og:image\" content=\"https:\/\/www.cinedia.fr\/lucie-lefilm\/wp-content\/uploads\/2020\/07\/Capture-d\u2019e\u0301cran-2020-07-03-a\u0300-17.53.39.png\" \/>\n\t<meta property=\"og:image:width\" content=\"761\" \/>\n\t<meta property=\"og:image:height\" content=\"449\" \/>\n\t<meta property=\"og:image:type\" content=\"image\/png\" \/>\n<meta name=\"author\" content=\"SL\" \/>\n<meta name=\"twitter:card\" content=\"summary_large_image\" \/>\n<meta name=\"twitter:label1\" content=\"\u00c9crit par\" \/>\n\t<meta name=\"twitter:data1\" content=\"SL\" \/>\n\t<meta name=\"twitter:label2\" content=\"Dur\u00e9e de lecture estim\u00e9e\" \/>\n\t<meta name=\"twitter:data2\" content=\"5 minutes\" \/>\n<script type=\"application\/ld+json\" class=\"yoast-schema-graph\">{\"@context\":\"https:\\\/\\\/schema.org\",\"@graph\":[{\"@type\":\"Article\",\"@id\":\"https:\\\/\\\/www.cinedia.fr\\\/lucie-lefilm\\\/la-suite-de-lucie\\\/#article\",\"isPartOf\":{\"@id\":\"https:\\\/\\\/www.cinedia.fr\\\/lucie-lefilm\\\/la-suite-de-lucie\\\/\"},\"author\":{\"name\":\"SL\",\"@id\":\"https:\\\/\\\/www.cinedia.fr\\\/lucie-lefilm\\\/#\\\/schema\\\/person\\\/6ae02b4d39bd7351a86961020c2b6933\"},\"headline\":\"LA SUITE DE LUCIE ?\",\"datePublished\":\"2020-07-03T19:06:20+00:00\",\"mainEntityOfPage\":{\"@id\":\"https:\\\/\\\/www.cinedia.fr\\\/lucie-lefilm\\\/la-suite-de-lucie\\\/\"},\"wordCount\":1132,\"image\":{\"@id\":\"https:\\\/\\\/www.cinedia.fr\\\/lucie-lefilm\\\/la-suite-de-lucie\\\/#primaryimage\"},\"thumbnailUrl\":\"https:\\\/\\\/www.cinedia.fr\\\/lucie-lefilm\\\/wp-content\\\/uploads\\\/2020\\\/07\\\/Capture-d\u2019e\u0301cran-2020-07-03-a\u0300-17.53.39.png\",\"articleSection\":[\"Uncategorized\"],\"inLanguage\":\"fr-FR\"},{\"@type\":\"WebPage\",\"@id\":\"https:\\\/\\\/www.cinedia.fr\\\/lucie-lefilm\\\/la-suite-de-lucie\\\/\",\"url\":\"https:\\\/\\\/www.cinedia.fr\\\/lucie-lefilm\\\/la-suite-de-lucie\\\/\",\"name\":\"LA SUITE DE LUCIE ? - Lucie, Apr\u00e8s moi le d\u00e9luge \\\/\\\/ Site Officiel\",\"isPartOf\":{\"@id\":\"https:\\\/\\\/www.cinedia.fr\\\/lucie-lefilm\\\/#website\"},\"primaryImageOfPage\":{\"@id\":\"https:\\\/\\\/www.cinedia.fr\\\/lucie-lefilm\\\/la-suite-de-lucie\\\/#primaryimage\"},\"image\":{\"@id\":\"https:\\\/\\\/www.cinedia.fr\\\/lucie-lefilm\\\/la-suite-de-lucie\\\/#primaryimage\"},\"thumbnailUrl\":\"https:\\\/\\\/www.cinedia.fr\\\/lucie-lefilm\\\/wp-content\\\/uploads\\\/2020\\\/07\\\/Capture-d\u2019e\u0301cran-2020-07-03-a\u0300-17.53.39.png\",\"datePublished\":\"2020-07-03T19:06:20+00:00\",\"author\":{\"@id\":\"https:\\\/\\\/www.cinedia.fr\\\/lucie-lefilm\\\/#\\\/schema\\\/person\\\/6ae02b4d39bd7351a86961020c2b6933\"},\"breadcrumb\":{\"@id\":\"https:\\\/\\\/www.cinedia.fr\\\/lucie-lefilm\\\/la-suite-de-lucie\\\/#breadcrumb\"},\"inLanguage\":\"fr-FR\",\"potentialAction\":[{\"@type\":\"ReadAction\",\"target\":[\"https:\\\/\\\/www.cinedia.fr\\\/lucie-lefilm\\\/la-suite-de-lucie\\\/\"]}]},{\"@type\":\"ImageObject\",\"inLanguage\":\"fr-FR\",\"@id\":\"https:\\\/\\\/www.cinedia.fr\\\/lucie-lefilm\\\/la-suite-de-lucie\\\/#primaryimage\",\"url\":\"https:\\\/\\\/www.cinedia.fr\\\/lucie-lefilm\\\/wp-content\\\/uploads\\\/2020\\\/07\\\/Capture-d\u2019e\u0301cran-2020-07-03-a\u0300-17.53.39.png\",\"contentUrl\":\"https:\\\/\\\/www.cinedia.fr\\\/lucie-lefilm\\\/wp-content\\\/uploads\\\/2020\\\/07\\\/Capture-d\u2019e\u0301cran-2020-07-03-a\u0300-17.53.39.png\",\"width\":761,\"height\":449},{\"@type\":\"BreadcrumbList\",\"@id\":\"https:\\\/\\\/www.cinedia.fr\\\/lucie-lefilm\\\/la-suite-de-lucie\\\/#breadcrumb\",\"itemListElement\":[{\"@type\":\"ListItem\",\"position\":1,\"name\":\"Accueil\",\"item\":\"https:\\\/\\\/www.cinedia.fr\\\/lucie-lefilm\\\/\"},{\"@type\":\"ListItem\",\"position\":2,\"name\":\"LA SUITE DE LUCIE ?\"}]},{\"@type\":\"WebSite\",\"@id\":\"https:\\\/\\\/www.cinedia.fr\\\/lucie-lefilm\\\/#website\",\"url\":\"https:\\\/\\\/www.cinedia.fr\\\/lucie-lefilm\\\/\",\"name\":\"Lucie, Apr\u00e8s moi le d\u00e9luge \\\/\\\/ Site Officiel\",\"description\":\"Le site officiel du film documentaire de Sophie Loridon sorti en 2019.\",\"potentialAction\":[{\"@type\":\"SearchAction\",\"target\":{\"@type\":\"EntryPoint\",\"urlTemplate\":\"https:\\\/\\\/www.cinedia.fr\\\/lucie-lefilm\\\/?s={search_term_string}\"},\"query-input\":{\"@type\":\"PropertyValueSpecification\",\"valueRequired\":true,\"valueName\":\"search_term_string\"}}],\"inLanguage\":\"fr-FR\"},{\"@type\":\"Person\",\"@id\":\"https:\\\/\\\/www.cinedia.fr\\\/lucie-lefilm\\\/#\\\/schema\\\/person\\\/6ae02b4d39bd7351a86961020c2b6933\",\"name\":\"SL\",\"image\":{\"@type\":\"ImageObject\",\"inLanguage\":\"fr-FR\",\"@id\":\"https:\\\/\\\/secure.gravatar.com\\\/avatar\\\/b13141976e430cefeec211adf1d38220a1d79fc0355bba62ddcda6103e055553?s=96&d=mm&r=g\",\"url\":\"https:\\\/\\\/secure.gravatar.com\\\/avatar\\\/b13141976e430cefeec211adf1d38220a1d79fc0355bba62ddcda6103e055553?s=96&d=mm&r=g\",\"contentUrl\":\"https:\\\/\\\/secure.gravatar.com\\\/avatar\\\/b13141976e430cefeec211adf1d38220a1d79fc0355bba62ddcda6103e055553?s=96&d=mm&r=g\",\"caption\":\"SL\"},\"url\":\"https:\\\/\\\/www.cinedia.fr\\\/lucie-lefilm\\\/author\\\/adminlucie\\\/\"}]}<\/script>\n<!-- \/ Yoast SEO plugin. -->","yoast_head_json":{"title":"LA SUITE DE LUCIE ? - Lucie, Apr\u00e8s moi le d\u00e9luge \/\/ Site Officiel","robots":{"index":"index","follow":"follow","max-snippet":"max-snippet:-1","max-image-preview":"max-image-preview:large","max-video-preview":"max-video-preview:-1"},"canonical":"https:\/\/www.cinedia.fr\/lucie-lefilm\/la-suite-de-lucie\/","og_locale":"fr_FR","og_type":"article","og_title":"LA SUITE DE LUCIE ? - Lucie, Apr\u00e8s moi le d\u00e9luge \/\/ Site Officiel","og_description":"J&rsquo;anticipe&#8230;demain, samedi 4 juillet, un reportage passe dans la matinale de France Inter&#8230; Alors peut-\u00eatre que le site internet de Lucie...","og_url":"https:\/\/www.cinedia.fr\/lucie-lefilm\/la-suite-de-lucie\/","og_site_name":"Lucie, Apr\u00e8s moi le d\u00e9luge \/\/ Site Officiel","article_published_time":"2020-07-03T19:06:20+00:00","og_image":[{"width":761,"height":449,"url":"https:\/\/www.cinedia.fr\/lucie-lefilm\/wp-content\/uploads\/2020\/07\/Capture-d\u2019e\u0301cran-2020-07-03-a\u0300-17.53.39.png","type":"image\/png"}],"author":"SL","twitter_card":"summary_large_image","twitter_misc":{"\u00c9crit par":"SL","Dur\u00e9e de lecture estim\u00e9e":"5 minutes"},"schema":{"@context":"https:\/\/schema.org","@graph":[{"@type":"Article","@id":"https:\/\/www.cinedia.fr\/lucie-lefilm\/la-suite-de-lucie\/#article","isPartOf":{"@id":"https:\/\/www.cinedia.fr\/lucie-lefilm\/la-suite-de-lucie\/"},"author":{"name":"SL","@id":"https:\/\/www.cinedia.fr\/lucie-lefilm\/#\/schema\/person\/6ae02b4d39bd7351a86961020c2b6933"},"headline":"LA SUITE DE LUCIE ?","datePublished":"2020-07-03T19:06:20+00:00","mainEntityOfPage":{"@id":"https:\/\/www.cinedia.fr\/lucie-lefilm\/la-suite-de-lucie\/"},"wordCount":1132,"image":{"@id":"https:\/\/www.cinedia.fr\/lucie-lefilm\/la-suite-de-lucie\/#primaryimage"},"thumbnailUrl":"https:\/\/www.cinedia.fr\/lucie-lefilm\/wp-content\/uploads\/2020\/07\/Capture-d\u2019e\u0301cran-2020-07-03-a\u0300-17.53.39.png","articleSection":["Uncategorized"],"inLanguage":"fr-FR"},{"@type":"WebPage","@id":"https:\/\/www.cinedia.fr\/lucie-lefilm\/la-suite-de-lucie\/","url":"https:\/\/www.cinedia.fr\/lucie-lefilm\/la-suite-de-lucie\/","name":"LA SUITE DE LUCIE ? - Lucie, Apr\u00e8s moi le d\u00e9luge \/\/ Site Officiel","isPartOf":{"@id":"https:\/\/www.cinedia.fr\/lucie-lefilm\/#website"},"primaryImageOfPage":{"@id":"https:\/\/www.cinedia.fr\/lucie-lefilm\/la-suite-de-lucie\/#primaryimage"},"image":{"@id":"https:\/\/www.cinedia.fr\/lucie-lefilm\/la-suite-de-lucie\/#primaryimage"},"thumbnailUrl":"https:\/\/www.cinedia.fr\/lucie-lefilm\/wp-content\/uploads\/2020\/07\/Capture-d\u2019e\u0301cran-2020-07-03-a\u0300-17.53.39.png","datePublished":"2020-07-03T19:06:20+00:00","author":{"@id":"https:\/\/www.cinedia.fr\/lucie-lefilm\/#\/schema\/person\/6ae02b4d39bd7351a86961020c2b6933"},"breadcrumb":{"@id":"https:\/\/www.cinedia.fr\/lucie-lefilm\/la-suite-de-lucie\/#breadcrumb"},"inLanguage":"fr-FR","potentialAction":[{"@type":"ReadAction","target":["https:\/\/www.cinedia.fr\/lucie-lefilm\/la-suite-de-lucie\/"]}]},{"@type":"ImageObject","inLanguage":"fr-FR","@id":"https:\/\/www.cinedia.fr\/lucie-lefilm\/la-suite-de-lucie\/#primaryimage","url":"https:\/\/www.cinedia.fr\/lucie-lefilm\/wp-content\/uploads\/2020\/07\/Capture-d\u2019e\u0301cran-2020-07-03-a\u0300-17.53.39.png","contentUrl":"https:\/\/www.cinedia.fr\/lucie-lefilm\/wp-content\/uploads\/2020\/07\/Capture-d\u2019e\u0301cran-2020-07-03-a\u0300-17.53.39.png","width":761,"height":449},{"@type":"BreadcrumbList","@id":"https:\/\/www.cinedia.fr\/lucie-lefilm\/la-suite-de-lucie\/#breadcrumb","itemListElement":[{"@type":"ListItem","position":1,"name":"Accueil","item":"https:\/\/www.cinedia.fr\/lucie-lefilm\/"},{"@type":"ListItem","position":2,"name":"LA SUITE DE LUCIE ?"}]},{"@type":"WebSite","@id":"https:\/\/www.cinedia.fr\/lucie-lefilm\/#website","url":"https:\/\/www.cinedia.fr\/lucie-lefilm\/","name":"Lucie, Apr\u00e8s moi le d\u00e9luge \/\/ Site Officiel","description":"Le site officiel du film documentaire de Sophie Loridon sorti en 2019.","potentialAction":[{"@type":"SearchAction","target":{"@type":"EntryPoint","urlTemplate":"https:\/\/www.cinedia.fr\/lucie-lefilm\/?s={search_term_string}"},"query-input":{"@type":"PropertyValueSpecification","valueRequired":true,"valueName":"search_term_string"}}],"inLanguage":"fr-FR"},{"@type":"Person","@id":"https:\/\/www.cinedia.fr\/lucie-lefilm\/#\/schema\/person\/6ae02b4d39bd7351a86961020c2b6933","name":"SL","image":{"@type":"ImageObject","inLanguage":"fr-FR","@id":"https:\/\/secure.gravatar.com\/avatar\/b13141976e430cefeec211adf1d38220a1d79fc0355bba62ddcda6103e055553?s=96&d=mm&r=g","url":"https:\/\/secure.gravatar.com\/avatar\/b13141976e430cefeec211adf1d38220a1d79fc0355bba62ddcda6103e055553?s=96&d=mm&r=g","contentUrl":"https:\/\/secure.gravatar.com\/avatar\/b13141976e430cefeec211adf1d38220a1d79fc0355bba62ddcda6103e055553?s=96&d=mm&r=g","caption":"SL"},"url":"https:\/\/www.cinedia.fr\/lucie-lefilm\/author\/adminlucie\/"}]}},"_links":{"self":[{"href":"https:\/\/www.cinedia.fr\/lucie-lefilm\/wp-json\/wp\/v2\/posts\/2905","targetHints":{"allow":["GET"]}}],"collection":[{"href":"https:\/\/www.cinedia.fr\/lucie-lefilm\/wp-json\/wp\/v2\/posts"}],"about":[{"href":"https:\/\/www.cinedia.fr\/lucie-lefilm\/wp-json\/wp\/v2\/types\/post"}],"author":[{"embeddable":true,"href":"https:\/\/www.cinedia.fr\/lucie-lefilm\/wp-json\/wp\/v2\/users\/1"}],"replies":[{"embeddable":true,"href":"https:\/\/www.cinedia.fr\/lucie-lefilm\/wp-json\/wp\/v2\/comments?post=2905"}],"version-history":[{"count":3,"href":"https:\/\/www.cinedia.fr\/lucie-lefilm\/wp-json\/wp\/v2\/posts\/2905\/revisions"}],"predecessor-version":[{"id":2911,"href":"https:\/\/www.cinedia.fr\/lucie-lefilm\/wp-json\/wp\/v2\/posts\/2905\/revisions\/2911"}],"wp:featuredmedia":[{"embeddable":true,"href":"https:\/\/www.cinedia.fr\/lucie-lefilm\/wp-json\/wp\/v2\/media\/2908"}],"wp:attachment":[{"href":"https:\/\/www.cinedia.fr\/lucie-lefilm\/wp-json\/wp\/v2\/media?parent=2905"}],"wp:term":[{"taxonomy":"category","embeddable":true,"href":"https:\/\/www.cinedia.fr\/lucie-lefilm\/wp-json\/wp\/v2\/categories?post=2905"},{"taxonomy":"post_tag","embeddable":true,"href":"https:\/\/www.cinedia.fr\/lucie-lefilm\/wp-json\/wp\/v2\/tags?post=2905"}],"curies":[{"name":"wp","href":"https:\/\/api.w.org\/{rel}","templated":true}]}}